{"id":12979,"date":"2025-05-16T16:35:47","date_gmt":"2025-05-16T14:35:47","guid":{"rendered":"https:\/\/pasaenmendoza.com\/?p=12979"},"modified":"2025-05-16T16:35:48","modified_gmt":"2025-05-16T14:35:48","slug":"balearon-a-un-chico-de-16-anos-y-esta-internado-en-el-hospital-central","status":"publish","type":"post","link":"https:\/\/pasaenmendoza.com\/?p=12979","title":{"rendered":"Balearon a un chico de 16 a\u00f1os y est\u00e1 internado en el Hospital Central"},"content":{"rendered":"\n<p><strong>Un chico de 16 a\u00f1os fue baleado<\/strong>\u00a0este jueves por la noche y est\u00e1 internado en el Hospital Central.<\/p>\n\n\n\n<p>El hecho ocurri\u00f3 alrededor de las 22.00 en la calle Democracia y Ameghino, en las inmediaciones del play\u00f3n deportivo del EFI Santa Teresita en Las Heras.<\/p>\n\n\n\n<p>Seg\u00fan la informaci\u00f3n policial, el joven se encontraba en el lugar cuando, por causas que se investigan, recibi\u00f3 un disparo en su zona intercostal.<\/p>\n\n\n\n<p>Testigos llamaron a una ambulancia del Servicio Coordinado. El chico fue trasladado al Hospital Central, donde fue diagnosticado de &#8220;herida de arma de fuego intercostal derecho&#8221;. El joven qued\u00f3 internado estable.<\/p>\n\n\n\n<p><strong>Fuente: www.mendozapost.com<\/strong><\/p>\n","protected":false},"excerpt":{"rendered":"<p>Un chico de 16 a\u00f1os fue baleado\u00a0este jueves por la noche y est\u00e1 internado en el Hospital Central. El hecho ocurri\u00f3 alrededor de las 22.00 en la calle Democracia y Ameghino, en las inmediaciones del play\u00f3n deportivo del EFI Santa Teresita en Las Heras. Seg\u00fan la informaci\u00f3n policial, el joven se encontraba en el lugar [&hellip;]<\/p>\n","protected":false},"author":2,"featured_media":12980,"comment_status":"open","ping_status":"open","sticky":false,"template":"","format":"standard","meta":[],"categories":[48],"tags":[],"_links":{"self":[{"href":"https:\/\/pasaenmendoza.com\/index.php?rest_route=\/wp\/v2\/posts\/12979"}],"collection":[{"href":"https:\/\/pasaenmendoza.com\/index.php?rest_route=\/wp\/v2\/posts"}],"about":[{"href":"https:\/\/pasaenmendoza.com\/index.php?rest_route=\/wp\/v2\/types\/post"}],"author":[{"embeddable":true,"href":"https:\/\/pasaenmendoza.com\/index.php?rest_route=\/wp\/v2\/users\/2"}],"replies":[{"embeddable":true,"href":"https:\/\/pasaenmendoza.com\/index.php?rest_route=%2Fwp%2Fv2%2Fcomments&post=12979"}],"version-history":[{"count":1,"href":"https:\/\/pasaenmendoza.com\/index.php?rest_route=\/wp\/v2\/posts\/12979\/revisions"}],"predecessor-version":[{"id":12981,"href":"https:\/\/pasaenmendoza.com\/index.php?rest_route=\/wp\/v2\/posts\/12979\/revisions\/12981"}],"wp:featuredmedia":[{"embeddable":true,"href":"https:\/\/pasaenmendoza.com\/index.php?rest_route=\/wp\/v2\/media\/12980"}],"wp:attachment":[{"href":"https:\/\/pasaenmendoza.com\/index.php?rest_route=%2Fwp%2Fv2%2Fmedia&parent=12979"}],"wp:term":[{"taxonomy":"category","embeddable":true,"href":"https:\/\/pasaenmendoza.com\/index.php?rest_route=%2Fwp%2Fv2%2Fcategories&post=12979"},{"taxonomy":"post_tag","embeddable":true,"href":"https:\/\/pasaenmendoza.com\/index.php?rest_route=%2Fwp%2Fv2%2Ftags&post=12979"}],"curies":[{"name":"wp","href":"https:\/\/api.w.org\/{rel}","templated":true}]}}