{"id":1299,"date":"2023-09-08T15:27:54","date_gmt":"2023-09-08T13:27:54","guid":{"rendered":"https:\/\/pasaenmendoza.com\/?p=1299"},"modified":"2023-09-08T15:27:55","modified_gmt":"2023-09-08T13:27:55","slug":"viernes-fresco-y-fin-de-semana-primaveral","status":"publish","type":"post","link":"https:\/\/pasaenmendoza.com\/?p=1299","title":{"rendered":"Viernes fresco y fin de semana primaveral"},"content":{"rendered":"\n<p><strong>Este viernes asciende unos grados la temperatura en Mendoza pero seguir\u00e1 nublado y el d\u00eda estar\u00e1 muy h\u00famedo.<\/strong><\/p>\n\n\n\n<p>Seg\u00fan las previsiones del\u00a0<strong>Servicio Meteorol\u00f3gico Nacional<\/strong>, la m\u00e1xima esperada para hoy es de 17\u00b0.<\/p>\n\n\n\n<p>El cielo estar\u00e1 mayormente<strong>\u00a0nublado\u00a0<\/strong>y la humedad relativa del ambiente est\u00e1 cerca del 75%.El viento sopla levemente del Sureste<strong>.<\/strong><\/p>\n\n\n\n<p>Para ma\u00f1ana s\u00e1bado, se espera un d\u00eda c\u00e1lido aunque parcialmente nublado.<\/p>\n\n\n\n<p><strong>La m\u00e1xima pronosticada para el s\u00e1bado es de 24\u00b0.<\/strong><\/p>\n\n\n\n<p>Para el domingo, el pron\u00f3stico indica una m\u00e1xima de 25\u00b0 y cielo mayormente nublado.\u00a0<\/p>\n\n\n\n<p><strong>Fuente: www.mendozapost.com<\/strong><\/p>\n","protected":false},"excerpt":{"rendered":"<p>Este viernes asciende unos grados la temperatura en Mendoza pero seguir\u00e1 nublado y el d\u00eda estar\u00e1 muy h\u00famedo. Seg\u00fan las previsiones del\u00a0Servicio Meteorol\u00f3gico Nacional, la m\u00e1xima esperada para hoy es de 17\u00b0. El cielo estar\u00e1 mayormente\u00a0nublado\u00a0y la humedad relativa del ambiente est\u00e1 cerca del 75%.El viento sopla levemente del Sureste. Para ma\u00f1ana s\u00e1bado, se espera [&hellip;]<\/p>\n","protected":false},"author":2,"featured_media":1300,"comment_status":"open","ping_status":"open","sticky":false,"template":"","format":"standard","meta":[],"categories":[52],"tags":[],"_links":{"self":[{"href":"https:\/\/pasaenmendoza.com\/index.php?rest_route=\/wp\/v2\/posts\/1299"}],"collection":[{"href":"https:\/\/pasaenmendoza.com\/index.php?rest_route=\/wp\/v2\/posts"}],"about":[{"href":"https:\/\/pasaenmendoza.com\/index.php?rest_route=\/wp\/v2\/types\/post"}],"author":[{"embeddable":true,"href":"https:\/\/pasaenmendoza.com\/index.php?rest_route=\/wp\/v2\/users\/2"}],"replies":[{"embeddable":true,"href":"https:\/\/pasaenmendoza.com\/index.php?rest_route=%2Fwp%2Fv2%2Fcomments&post=1299"}],"version-history":[{"count":1,"href":"https:\/\/pasaenmendoza.com\/index.php?rest_route=\/wp\/v2\/posts\/1299\/revisions"}],"predecessor-version":[{"id":1301,"href":"https:\/\/pasaenmendoza.com\/index.php?rest_route=\/wp\/v2\/posts\/1299\/revisions\/1301"}],"wp:featuredmedia":[{"embeddable":true,"href":"https:\/\/pasaenmendoza.com\/index.php?rest_route=\/wp\/v2\/media\/1300"}],"wp:attachment":[{"href":"https:\/\/pasaenmendoza.com\/index.php?rest_route=%2Fwp%2Fv2%2Fmedia&parent=1299"}],"wp:term":[{"taxonomy":"category","embeddable":true,"href":"https:\/\/pasaenmendoza.com\/index.php?rest_route=%2Fwp%2Fv2%2Fcategories&post=1299"},{"taxonomy":"post_tag","embeddable":true,"href":"https:\/\/pasaenmendoza.com\/index.php?rest_route=%2Fwp%2Fv2%2Ftags&post=1299"}],"curies":[{"name":"wp","href":"https:\/\/api.w.org\/{rel}","templated":true}]}}