{"id":12994,"date":"2025-05-16T23:44:37","date_gmt":"2025-05-16T21:44:37","guid":{"rendered":"https:\/\/pasaenmendoza.com\/?p=12994"},"modified":"2025-05-16T23:44:38","modified_gmt":"2025-05-16T21:44:38","slug":"el-paso-a-chile-seguira-abierto-tras-evaluar-las-alertas-por-nevadas","status":"publish","type":"post","link":"https:\/\/pasaenmendoza.com\/?p=12994","title":{"rendered":"El Paso a Chile seguir\u00e1 abierto tras evaluar las alertas por nevadas"},"content":{"rendered":"\n<p>El\u00a0<strong>Paso Internacional Cristo Redentor<\/strong>,\u00a0que comunica a la provincia de Mendoza con Chile, permanecer\u00e1 abierto a pesar de las alertas de mal tiempo. La decisi\u00f3n se tom\u00f3 tras\u00a0una reuni\u00f3n entre funcionarios de ambos pa\u00edses.\u00a0<\/p>\n\n\n\n<p>Seg\u00fan un comunicado firmado por el coordinador General del Cristo Redentor, Justo Jos\u00e9 B\u00e1scolo, el corredor internacional se mantendr\u00e1 habilitado durante esta tarde en ambos sentidos &#8220;para todo tipo de veh\u00edculos&#8221;.&nbsp;<\/p>\n\n\n\n<p>En este sentido, marcaron que el cierre preventivo que se comunic\u00f3 este jueves &#8220;se decidi\u00f3 porque no estaban dadas las condiciones meteorol\u00f3gicas para una transitabilidad segura, principalmente en el sector argentino&#8221;.<\/p>\n\n\n\n<p>&#8220;Al no cumplirse, se retoma la transitabilidad&#8221;, agrega el comunicado.<\/p>\n\n\n\n<p>Por otro lado, informaron desde el organismo que este s\u00e1bado a las 9 habr\u00e1\u00a0&#8220;una nueva reuni\u00f3n a fines de evaluar la transitabilidad dependiendo de las condiciones clim\u00e1ticas&#8221;.<\/p>\n\n\n\n<p><strong>Fuente: www.mdzol.com<\/strong><\/p>\n","protected":false},"excerpt":{"rendered":"<p>El\u00a0Paso Internacional Cristo Redentor,\u00a0que comunica a la provincia de Mendoza con Chile, permanecer\u00e1 abierto a pesar de las alertas de mal tiempo. La decisi\u00f3n se tom\u00f3 tras\u00a0una reuni\u00f3n entre funcionarios de ambos pa\u00edses.\u00a0 Seg\u00fan un comunicado firmado por el coordinador General del Cristo Redentor, Justo Jos\u00e9 B\u00e1scolo, el corredor internacional se mantendr\u00e1 habilitado durante esta [&hellip;]<\/p>\n","protected":false},"author":2,"featured_media":12995,"comment_status":"open","ping_status":"open","sticky":false,"template":"","format":"standard","meta":[],"categories":[66],"tags":[],"_links":{"self":[{"href":"https:\/\/pasaenmendoza.com\/index.php?rest_route=\/wp\/v2\/posts\/12994"}],"collection":[{"href":"https:\/\/pasaenmendoza.com\/index.php?rest_route=\/wp\/v2\/posts"}],"about":[{"href":"https:\/\/pasaenmendoza.com\/index.php?rest_route=\/wp\/v2\/types\/post"}],"author":[{"embeddable":true,"href":"https:\/\/pasaenmendoza.com\/index.php?rest_route=\/wp\/v2\/users\/2"}],"replies":[{"embeddable":true,"href":"https:\/\/pasaenmendoza.com\/index.php?rest_route=%2Fwp%2Fv2%2Fcomments&post=12994"}],"version-history":[{"count":1,"href":"https:\/\/pasaenmendoza.com\/index.php?rest_route=\/wp\/v2\/posts\/12994\/revisions"}],"predecessor-version":[{"id":12996,"href":"https:\/\/pasaenmendoza.com\/index.php?rest_route=\/wp\/v2\/posts\/12994\/revisions\/12996"}],"wp:featuredmedia":[{"embeddable":true,"href":"https:\/\/pasaenmendoza.com\/index.php?rest_route=\/wp\/v2\/media\/12995"}],"wp:attachment":[{"href":"https:\/\/pasaenmendoza.com\/index.php?rest_route=%2Fwp%2Fv2%2Fmedia&parent=12994"}],"wp:term":[{"taxonomy":"category","embeddable":true,"href":"https:\/\/pasaenmendoza.com\/index.php?rest_route=%2Fwp%2Fv2%2Fcategories&post=12994"},{"taxonomy":"post_tag","embeddable":true,"href":"https:\/\/pasaenmendoza.com\/index.php?rest_route=%2Fwp%2Fv2%2Ftags&post=12994"}],"curies":[{"name":"wp","href":"https:\/\/api.w.org\/{rel}","templated":true}]}}