{"id":12997,"date":"2025-05-19T14:25:23","date_gmt":"2025-05-19T12:25:23","guid":{"rendered":"https:\/\/pasaenmendoza.com\/?p=12997"},"modified":"2025-05-19T14:25:24","modified_gmt":"2025-05-19T12:25:24","slug":"lunes-frio-y-ventoso-en-mendoza-asi-estara-el-tiempo","status":"publish","type":"post","link":"https:\/\/pasaenmendoza.com\/?p=12997","title":{"rendered":"Lunes fr\u00edo y ventoso en Mendoza: as\u00ed estar\u00e1 el tiempo"},"content":{"rendered":"\n<p>Luego de varias jornadas con temperaturas muy agradables, este<strong>&nbsp;lunes&nbsp;<\/strong>arranc\u00f3 con una&nbsp;<strong>ma\u00f1ana fr\u00eda<\/strong>, cielo parcialmente nublado y&nbsp;<strong>vientos moderados del sudeste.<\/strong><\/p>\n\n\n\n<p>Adem\u00e1s, contin\u00faan las nevadas en cordillera.&nbsp;<strong>La m\u00ednima ser\u00e1 de 8 grados y la m\u00e1xima llegar\u00e1 a los 19.<\/strong><\/p>\n\n\n\n<p>Para el\u00a0<strong>martes<\/strong>, la Direcci\u00f3n de Contingencias Clim\u00e1ticas indica: \u201cPoca nubosidad con poco cambio de la temperatura, vientos moderados del noreste\u201d.<\/p>\n\n\n\n<p><strong>La m\u00ednima ser\u00e1 de 5 grados y la m\u00e1xima de 18.<\/strong><\/p>\n\n\n\n<p>En tanto, el\u00a0<strong>mi\u00e9rcoles<\/strong>, estar\u00e1 \u201calgo nublado con ascenso de la temperatura. Nevadas en cordillera\u201d.\u00a0<strong>La m\u00ednima ser\u00e1 de 7 grados y la m\u00e1xima de 21.<\/strong><\/p>\n\n\n\n<p><strong>Fuente: www.elsol.com.ar<\/strong><\/p>\n","protected":false},"excerpt":{"rendered":"<p>Luego de varias jornadas con temperaturas muy agradables, este&nbsp;lunes&nbsp;arranc\u00f3 con una&nbsp;ma\u00f1ana fr\u00eda, cielo parcialmente nublado y&nbsp;vientos moderados del sudeste. Adem\u00e1s, contin\u00faan las nevadas en cordillera.&nbsp;La m\u00ednima ser\u00e1 de 8 grados y la m\u00e1xima llegar\u00e1 a los 19. Para el\u00a0martes, la Direcci\u00f3n de Contingencias Clim\u00e1ticas indica: \u201cPoca nubosidad con poco cambio de la temperatura, vientos moderados [&hellip;]<\/p>\n","protected":false},"author":2,"featured_media":12998,"comment_status":"open","ping_status":"open","sticky":false,"template":"","format":"standard","meta":[],"categories":[52],"tags":[],"_links":{"self":[{"href":"https:\/\/pasaenmendoza.com\/index.php?rest_route=\/wp\/v2\/posts\/12997"}],"collection":[{"href":"https:\/\/pasaenmendoza.com\/index.php?rest_route=\/wp\/v2\/posts"}],"about":[{"href":"https:\/\/pasaenmendoza.com\/index.php?rest_route=\/wp\/v2\/types\/post"}],"author":[{"embeddable":true,"href":"https:\/\/pasaenmendoza.com\/index.php?rest_route=\/wp\/v2\/users\/2"}],"replies":[{"embeddable":true,"href":"https:\/\/pasaenmendoza.com\/index.php?rest_route=%2Fwp%2Fv2%2Fcomments&post=12997"}],"version-history":[{"count":1,"href":"https:\/\/pasaenmendoza.com\/index.php?rest_route=\/wp\/v2\/posts\/12997\/revisions"}],"predecessor-version":[{"id":12999,"href":"https:\/\/pasaenmendoza.com\/index.php?rest_route=\/wp\/v2\/posts\/12997\/revisions\/12999"}],"wp:featuredmedia":[{"embeddable":true,"href":"https:\/\/pasaenmendoza.com\/index.php?rest_route=\/wp\/v2\/media\/12998"}],"wp:attachment":[{"href":"https:\/\/pasaenmendoza.com\/index.php?rest_route=%2Fwp%2Fv2%2Fmedia&parent=12997"}],"wp:term":[{"taxonomy":"category","embeddable":true,"href":"https:\/\/pasaenmendoza.com\/index.php?rest_route=%2Fwp%2Fv2%2Fcategories&post=12997"},{"taxonomy":"post_tag","embeddable":true,"href":"https:\/\/pasaenmendoza.com\/index.php?rest_route=%2Fwp%2Fv2%2Ftags&post=12997"}],"curies":[{"name":"wp","href":"https:\/\/api.w.org\/{rel}","templated":true}]}}