{"id":13007,"date":"2025-05-19T17:06:05","date_gmt":"2025-05-19T15:06:05","guid":{"rendered":"https:\/\/pasaenmendoza.com\/?p=13007"},"modified":"2025-05-19T17:06:06","modified_gmt":"2025-05-19T15:06:06","slug":"ganadores-perdedores-y-preocupados-en-mendoza-tras-la-eleccion-en-caba","status":"publish","type":"post","link":"https:\/\/pasaenmendoza.com\/?p=13007","title":{"rendered":"Ganadores, perdedores y preocupados en Mendoza tras la elecci\u00f3n en CABA"},"content":{"rendered":"\n<p>El\u00a0triunfo de La Libertad Avanza en la Ciudad Aut\u00f3noma de Buenos Aires, adonde compiti\u00f3 sin partidos aliados y le gan\u00f3 al oficialismo local duplicando sus votos,\u00a0<strong>podr\u00eda tener repercusiones en el armado electoral de Mendoza<\/strong>, donde hubo dirigentes ganadores, perdedores y preocupados tras los resultados porte\u00f1os.<\/p>\n\n\n\n<p><strong>Ganadores<\/strong><\/p>\n\n\n\n<p>&#8211;<strong>Facundo Correa Llano y LLA &#8220;oficial&#8221;<\/strong>. Durante la campa\u00f1a porte\u00f1a, hubo libertarios mendocinos que se sumaron a los actos partidarios e incluso estuvieron en el b\u00fanker del Hotel Libertad este domingo; principalmente, el presidente de La Libertad Avanza de Mendoza, el diputado nacional Facundo Correa Llano. El resultado en la capital fortalece a LLA como espacio nacional, incluso en Mendoza.<\/p>\n\n\n\n<p>&#8211;<strong>Luis Petri<\/strong>. Sin ser afiliado a LLA ni libertario de &#8220;coraz\u00f3n&#8221;, el ministro de Defensa radical estuvo al lado de Javier Milei anoche en la foto de la victoria y durante el discurso del presidente, horas despu\u00e9s de poner la cara por el Gobierno nacional en las inundaciones de Buenos Aires. Mientras algunos siguen echando a rodar versiones que ubican a Petri afuera del gabinete, el jefe de Estado sigue destacando su figura con palabras o con gestos, como el de anoche.<\/p>\n\n\n\n<p><strong>Perdedores<\/strong><\/p>\n\n\n\n<p>&#8211;<strong>Omar De Marchi y los &#8220;j\u00f3venes&#8221; del PRO<\/strong>. El PRO que lidera el vicepresidente de Aerol\u00edneas Argentinas en Mendoza se hab\u00eda jugado abiertamente a favor de la lista de Jorge Macri este domingo. Semanas antes, recibieron al expresidente Mauricio Macri. Un acierto de De Marchi: no haber puesto la cara y dejar que la cara visible del partido sea el presidente\u00a0<strong>Gabriel Pradines.<\/strong><\/p>\n\n\n\n<p>&#8211;<strong>Esteban Allasino<\/strong>. El intendente de Luj\u00e1n, otra de las &#8220;caras nuevas&#8221; del PRO, no tuvo manifestaciones en redes sociales tras la derrota de ayer (s\u00ed comparti\u00f3 su participaci\u00f3n en la procesi\u00f3n de la Virgen), despu\u00e9s de haber sido\u00a0<strong>parte de la campa\u00f1a de Silvia Lospennato\u00a0<\/strong>para legisladora porte\u00f1a. En\u00a0<strong>marzo<\/strong>, realizaron distintas actividades en\u00a0<strong>Luj\u00e1n<\/strong>, durante un &#8220;recorrido&#8221; de la diputada nacional para posicionar su imagen, poco conocida hasta el momento.<\/p>\n\n\n\n<p><strong>Preocupados<\/strong><\/p>\n\n\n\n<p><strong>Alfredo Cornejo y el radicalismo mendocino<\/strong>. Desde hace tiempo, el sector del gobernador hizo hincapi\u00e9 en que La Libertad Avanza necesita competir con aliados para ganar elecciones porque, de lo contrario, los triunfos de los oficialismos ser\u00edan inevitables. Este domingo ocurri\u00f3 todo lo contrario: gan\u00f3 en soledad y duplic\u00f3 los votos del partido que gobierna en CABA. \u00bfDonde antes ve\u00edan un aliado hoy ven un potencial competidor que viene por el mismo electorado? Por otra parte, en caso de compartir un frente, ya no ser\u00e1 bajo las condiciones previas a los comicios porte\u00f1os en las que el cornejismo confiaba en ocupar casi todos los casilleros disponibles para la Legislatura.<\/p>\n\n\n\n<p><strong>Hebe Casado<\/strong>. La vicegobernadora festej\u00f3 en redes sociales el triunfo de La Libertad Avanza en CABA, en la previa de lo que ser\u00e1 su afiliaci\u00f3n a ese partido. Sin embargo, su llegada a LLA tiene como objetivo principal la concreci\u00f3n de una alianza entre Milei y Cambia Mendoza para las legislativas del 26 de octubre que, tras los resultados de ayer, ya no aparece como una alianza inevitable.<\/p>\n\n\n\n<p>El caso de Milei con Macri es historia repetida. Hay que &#8220;matar al padrino&#8221; para ser alguien en pol\u00edtica. Pas\u00f3 con N\u00e9stor Kirchner y Eduardo Duhalde en las elecciones de 2005 y aquella emblem\u00e1tica victoria de Cristina Kirchner sobre Chiche Duhalde en provincia de Buenos Aires, que deriv\u00f3 en la renuncia del ministro de Econom\u00eda, Roberto Lavagna.<\/p>\n\n\n\n<p>Milei empez\u00f3 a hacerlo con Macri ahora. Y en Mendoza, algunos empiezan a tomar nota: el mile\u00edsmo ya no necesita de otros partidos para mostrarse competitivo. Es una fuerza propia y eso, para algunos, es motivo de celebraci\u00f3n, sobre todo porque se entusiasman con una eventual candidatura de Petri que se impondr\u00eda a cualquier candidato de Cornejo, aunque el ministro de Defensa haya sido uno de los\u00a0promotores de una mega-alianza.<\/p>\n\n\n\n<p>De todos modos, conviene no adelantarse. Es pol\u00edtica y, adem\u00e1s, es pol\u00edtica argentina: todo puede cambiar en cuesti\u00f3n de d\u00edas. Habr\u00e1 que ver c\u00f3mo se mueven Milei, Petri, Cornejo, Casado y compa\u00f1\u00eda pr\u00f3ximamente.\u00a0<\/p>\n\n\n\n<p><strong>Fuente: www.mendozapost.com<\/strong><\/p>\n","protected":false},"excerpt":{"rendered":"<p>El\u00a0triunfo de La Libertad Avanza en la Ciudad Aut\u00f3noma de Buenos Aires, adonde compiti\u00f3 sin partidos aliados y le gan\u00f3 al oficialismo local duplicando sus votos,\u00a0podr\u00eda tener repercusiones en el armado electoral de Mendoza, donde hubo dirigentes ganadores, perdedores y preocupados tras los resultados porte\u00f1os. Ganadores &#8211;Facundo Correa Llano y LLA &#8220;oficial&#8221;. Durante la campa\u00f1a [&hellip;]<\/p>\n","protected":false},"author":2,"featured_media":13008,"comment_status":"open","ping_status":"open","sticky":false,"template":"","format":"standard","meta":[],"categories":[47],"tags":[],"_links":{"self":[{"href":"https:\/\/pasaenmendoza.com\/index.php?rest_route=\/wp\/v2\/posts\/13007"}],"collection":[{"href":"https:\/\/pasaenmendoza.com\/index.php?rest_route=\/wp\/v2\/posts"}],"about":[{"href":"https:\/\/pasaenmendoza.com\/index.php?rest_route=\/wp\/v2\/types\/post"}],"author":[{"embeddable":true,"href":"https:\/\/pasaenmendoza.com\/index.php?rest_route=\/wp\/v2\/users\/2"}],"replies":[{"embeddable":true,"href":"https:\/\/pasaenmendoza.com\/index.php?rest_route=%2Fwp%2Fv2%2Fcomments&post=13007"}],"version-history":[{"count":1,"href":"https:\/\/pasaenmendoza.com\/index.php?rest_route=\/wp\/v2\/posts\/13007\/revisions"}],"predecessor-version":[{"id":13009,"href":"https:\/\/pasaenmendoza.com\/index.php?rest_route=\/wp\/v2\/posts\/13007\/revisions\/13009"}],"wp:featuredmedia":[{"embeddable":true,"href":"https:\/\/pasaenmendoza.com\/index.php?rest_route=\/wp\/v2\/media\/13008"}],"wp:attachment":[{"href":"https:\/\/pasaenmendoza.com\/index.php?rest_route=%2Fwp%2Fv2%2Fmedia&parent=13007"}],"wp:term":[{"taxonomy":"category","embeddable":true,"href":"https:\/\/pasaenmendoza.com\/index.php?rest_route=%2Fwp%2Fv2%2Fcategories&post=13007"},{"taxonomy":"post_tag","embeddable":true,"href":"https:\/\/pasaenmendoza.com\/index.php?rest_route=%2Fwp%2Fv2%2Ftags&post=13007"}],"curies":[{"name":"wp","href":"https:\/\/api.w.org\/{rel}","templated":true}]}}