{"id":13010,"date":"2025-05-19T23:40:20","date_gmt":"2025-05-19T21:40:20","guid":{"rendered":"https:\/\/pasaenmendoza.com\/?p=13010"},"modified":"2025-05-19T23:40:20","modified_gmt":"2025-05-19T21:40:20","slug":"seguridad-acordo-con-la-uncuyo-una-capacitacion-de-dos-semanas-para-incorporar-civiles-al-911","status":"publish","type":"post","link":"https:\/\/pasaenmendoza.com\/?p=13010","title":{"rendered":"Seguridad acord\u00f3 con la UNCuyo una capacitaci\u00f3n de dos semanas para incorporar civiles al 911"},"content":{"rendered":"\n<p>La\u00a0<strong>UNCuyo\u00a0<\/strong>convoc\u00f3 a estudiantes y graduados de tres carreras para trabajar en el\u00a0<strong>911<\/strong>, es decir en el Centro Estrat\u00e9gico de Operaciones (CEO) de la provincia de Mendoza.<\/p>\n\n\n\n<p>Los interesados tendr\u00e1n acceso a una formaci\u00f3n para desempe\u00f1arse en ese organismo de&nbsp;<strong>seguridad<\/strong>.<\/p>\n\n\n\n<p>Desde la&nbsp;<strong>UNCuyo&nbsp;<\/strong>se inform\u00f3 que busca crear oportunidades profesionales para estudiantes y graduados de la casa de estudios y aportar a la seguridad de Mendoza desde el conocimiento acad\u00e9mico.<\/p>\n\n\n\n<p>Esta convocatoria caus\u00f3 cierta en parte de la oposici\u00f3n. De hecho, la diputada de La Uni\u00f3n Mendocina Cintia G\u00f3mez present\u00f3 un pedido de informes para interiorizarse sobre el convenio con el Ministerio de\u00a0<strong>Seguridad\u00a0<\/strong>y los motivos que lo originaron.<\/p>\n\n\n\n<h2 class=\"wp-block-heading\">La posibilidad de ingresar al 911<\/h2>\n\n\n\n<p>El programa se denomina &#8220;Capacitaci\u00f3n e Ingreso al\u00a0Centro Estrat\u00e9gico de Operaciones&#8221;\u00a0y surge de un convenio espec\u00edfico firmado entre la\u00a0<strong>Universidad Nacional de Cuyo<\/strong>\u00a0y el Ministerio de\u00a0<strong>Seguridad\u00a0<\/strong>y Justicia de Mendoza.<\/p>\n\n\n\n<p>&#8220;El objetivo central de esta capacitaci\u00f3n es facilitar la profesionalizaci\u00f3n del personal a trav\u00e9s de la formaci\u00f3n en el abordaje adecuado y la gesti\u00f3n de las situaciones de emergencia&#8221;, inform\u00f3 la&nbsp;<strong>UNCuyo<\/strong>.<\/p>\n\n\n\n<p>Esta iniciativa comprende a la<strong>\u00a0Facultad de Ciencias Econ\u00f3micas,<\/strong>\u00a0con sus estudiantes avanzados y graduados de la carrera de Log\u00edstica, la\u00a0<strong>Facultad de Ciencias Pol\u00edticas y Sociales\u00a0<\/strong>con la carrera de Trabajo Social y la\u00a0<strong>Facultad de Ciencias M\u00e9dicas\u00a0<\/strong>con la carrera de Enfermer\u00eda.<\/p>\n\n\n\n<h2 class=\"wp-block-heading\">Requisitos para la postulaci\u00f3n a la capacitaci\u00f3n del 911<\/h2>\n\n\n\n<p>Ser estudiante avanzado o graduado de alguna de las siguientes carreras de la&nbsp;<strong>UNCuyo<\/strong>:<\/p>\n\n\n\n<ul>\n<li>Licenciado en Log\u00edstica de la Facultad de Ciencias Econ\u00f3micas<\/li>\n\n\n\n<li>Licenciado en Enfermer\u00eda de la Facultad de Ciencias M\u00e9dicas<\/li>\n\n\n\n<li>Licenciado en Trabajo Social de la Facultad de Ciencias Pol\u00edticas y Sociales<\/li>\n<\/ul>\n\n\n\n<h3 class=\"wp-block-heading\">Proceso de capacitaci\u00f3n<\/h3>\n\n\n\n<p>Una vez que los estudiantes avanzados o graduados de alguna de las carreras mencionadas realicen su inscripci\u00f3n, se informar\u00e1 el cronograma de capacitaci\u00f3n. Al finalizar la etapa de formaci\u00f3n, el Ministerio de Seguridad y Justicia realizar\u00e1 entrevistas y\/o ex\u00e1menes evaluadores para determinar los potenciales ingresos en el CEO (<strong>911<\/strong>).<\/p>\n\n\n\n<p>La capacitaci\u00f3n consistir\u00e1 en:<\/p>\n\n\n\n<ul>\n<li><strong>Seguridad<\/strong>: uso de la plataforma del Centro de Comando Integral; origen y evoluci\u00f3n del&nbsp;<strong>911<\/strong>; Introducci\u00f3n al sistema policial; procedimiento de trabajo del sistema 911; normativas y procedimientos legales.<\/li>\n\n\n\n<li>Tem\u00e1ticas relacionadas a la salud: introducci\u00f3n al sistema de emergencias m\u00e9dicas; uso de la plataforma Centro de Comando Integral-ICC; protocolos y gesti\u00f3n de llamadas m\u00e9dicas; simulaciones y evaluaci\u00f3n de desempe\u00f1o; desarrollo de habilidades comunicativas y coordinaci\u00f3n con servicios de salud.<\/li>\n\n\n\n<li>Habilidades sociales: Atenci\u00f3n de emergencias.<\/li>\n<\/ul>\n\n\n\n<h2 class=\"wp-block-heading\"><strong>La reacci\u00f3n pol\u00edtica ante las capacitaciones para entrar al 911<\/strong><\/h2>\n\n\n\n<p>Desde el bloque PRO de La Uni\u00f3n Mendocina en la C\u00e1mara de Diputados ingres\u00f3 un pedido de informes a la Legislatura provincial haci\u00e9ndose eco de la convocatoria que la Universidad lanz\u00f3 en conjunto con el Ministerio de&nbsp;<strong>Seguridad&nbsp;<\/strong>dirigida a estudiantes universitarios para desempe\u00f1arse en el sistema de emergencias&nbsp;<strong>911<\/strong>.<\/p>\n\n\n\n<p>\u201cPor su relevancia institucional y operativa en torno a las&nbsp;<strong>fuerzas de seguridad&nbsp;<\/strong>de nuestra provincia, merece ser analizado con absoluta rigurosidad, debido a que el Sistema de Emergencias&nbsp;<strong>911&nbsp;<\/strong>no es simplemente un canal de comunicaci\u00f3n ciudadana, si no, m\u00e1s bien es una estructura clave en la respuesta estatal frente a emergencias policiales, m\u00e9dicas, siniestros viales, delitos en curso y otras situaciones consideradas cr\u00edticas\u201d, expres\u00f3 la diputada G\u00f3mez en el argumento de su solicitud.<\/p>\n\n\n\n<p>\u201cLa incorporaci\u00f3n de estudiantes universitarios, sin que a\u00fan se conozcan espec\u00edficamente sus funciones ni la modalidad de elecci\u00f3n del personal, genera preocupaci\u00f3n y requiere ser esclarecida por parte del Ministerio de&nbsp;<strong>Seguridad&nbsp;<\/strong>y Justicia\u201d, dijo.<\/p>\n\n\n\n<p>En su pedido, hizo hincapi\u00e9 en el proceso de selecci\u00f3n y los criterios de idoneidad; en los contenidos y duraci\u00f3n de la capacitaci\u00f3n; en las tareas concretas que se pretende que estos estudiantes realicen en el\u00a0<strong>911<\/strong>; y especialmente en si \u201cesta medida tomada por el Gobierno nace como respuesta a un eventual faltante de personal en el\u00a0<strong>CEO<\/strong>\u201d.<\/p>\n\n\n\n<p><strong>Fuente: www.diariouno.com.ar<\/strong><\/p>\n","protected":false},"excerpt":{"rendered":"<p>La\u00a0UNCuyo\u00a0convoc\u00f3 a estudiantes y graduados de tres carreras para trabajar en el\u00a0911, es decir en el Centro Estrat\u00e9gico de Operaciones (CEO) de la provincia de Mendoza. Los interesados tendr\u00e1n acceso a una formaci\u00f3n para desempe\u00f1arse en ese organismo de&nbsp;seguridad. Desde la&nbsp;UNCuyo&nbsp;se inform\u00f3 que busca crear oportunidades profesionales para estudiantes y graduados de la casa de [&hellip;]<\/p>\n","protected":false},"author":2,"featured_media":13011,"comment_status":"open","ping_status":"open","sticky":false,"template":"","format":"standard","meta":[],"categories":[50],"tags":[],"_links":{"self":[{"href":"https:\/\/pasaenmendoza.com\/index.php?rest_route=\/wp\/v2\/posts\/13010"}],"collection":[{"href":"https:\/\/pasaenmendoza.com\/index.php?rest_route=\/wp\/v2\/posts"}],"about":[{"href":"https:\/\/pasaenmendoza.com\/index.php?rest_route=\/wp\/v2\/types\/post"}],"author":[{"embeddable":true,"href":"https:\/\/pasaenmendoza.com\/index.php?rest_route=\/wp\/v2\/users\/2"}],"replies":[{"embeddable":true,"href":"https:\/\/pasaenmendoza.com\/index.php?rest_route=%2Fwp%2Fv2%2Fcomments&post=13010"}],"version-history":[{"count":1,"href":"https:\/\/pasaenmendoza.com\/index.php?rest_route=\/wp\/v2\/posts\/13010\/revisions"}],"predecessor-version":[{"id":13012,"href":"https:\/\/pasaenmendoza.com\/index.php?rest_route=\/wp\/v2\/posts\/13010\/revisions\/13012"}],"wp:featuredmedia":[{"embeddable":true,"href":"https:\/\/pasaenmendoza.com\/index.php?rest_route=\/wp\/v2\/media\/13011"}],"wp:attachment":[{"href":"https:\/\/pasaenmendoza.com\/index.php?rest_route=%2Fwp%2Fv2%2Fmedia&parent=13010"}],"wp:term":[{"taxonomy":"category","embeddable":true,"href":"https:\/\/pasaenmendoza.com\/index.php?rest_route=%2Fwp%2Fv2%2Fcategories&post=13010"},{"taxonomy":"post_tag","embeddable":true,"href":"https:\/\/pasaenmendoza.com\/index.php?rest_route=%2Fwp%2Fv2%2Ftags&post=13010"}],"curies":[{"name":"wp","href":"https:\/\/api.w.org\/{rel}","templated":true}]}}