{"id":13013,"date":"2025-05-19T23:43:35","date_gmt":"2025-05-19T21:43:35","guid":{"rendered":"https:\/\/pasaenmendoza.com\/?p=13013"},"modified":"2025-05-19T23:43:36","modified_gmt":"2025-05-19T21:43:36","slug":"la-policia-detuvo-a-34-personas-en-un-operativo-de-saturacion-en-la-zona-de-el-bloque","status":"publish","type":"post","link":"https:\/\/pasaenmendoza.com\/?p=13013","title":{"rendered":"La Polic\u00eda detuvo a 34 personas en un operativo de &#8220;saturaci\u00f3n&#8221; en la zona de El Bloque"},"content":{"rendered":"\n<p>Como ocurri\u00f3 la semana pasada, la\u00a0<strong>Polic\u00eda<\/strong>\u00a0despleg\u00f3 otro operativo de saturaci\u00f3n en\u00a0<strong>Maip\u00fa<\/strong>\u00a0pero esta vez en la zona de El Bloque. Durante tres horas, el operativo sorprendi\u00f3 a los vecinos por la gran cantidad de efectivos policiales que, en total, permiti\u00f3 la identificaci\u00f3n de 400 personas y la\u00a0<strong>detenci\u00f3n<\/strong>\u00a0de 34.<\/p>\n\n\n\n<p>Entre los&nbsp;<strong>aprehendidos,<\/strong>&nbsp;una persona ten\u00eda una medida judicial pendiente, mientras que dos quedaron a disposici\u00f3n de la Justicia, una de ellas por arrojar elementos contundentes a las movilidades que patrullaban la zona y otra por tenencia de estupefacientes.<\/p>\n\n\n\n<p>Adem\u00e1s, los polic\u00edas realizaron distintos controles viales en los cuales revisaron 260 veh\u00edculos, colectivos y pasajeros con controles biom\u00e9tricos. All\u00ed, labraron tres actas por infracciones a la Ley de Tr\u00e1nsito y tres motos fueron retenidas por no tener la documentaci\u00f3n en condiciones.<\/p>\n\n\n\n<h2 class=\"wp-block-heading\">La Polic\u00eda detuvo a cinco personas a trav\u00e9s del sistema de videovigilancia<\/h2>\n\n\n\n<p>La\u00a0<strong>Polic\u00eda<\/strong>\u00a0detuvo este fin de semana a cinco personas en Ciudad y Las Heras, despu\u00e9s del seguimiento en tiempo real a trav\u00e9s de las c\u00e1maras de videovigilancias. Entre los elementos recuperados se encuentran una motocicleta con pedido de secuestro y una r\u00e9plica de arma de fuego.<\/p>\n\n\n\n<h3 class=\"wp-block-heading\">Robo en un local comercial de Ciudad<\/h3>\n\n\n\n<p>El primer hecho ocurri\u00f3 en un local comercial en las calles Pellegrini y 9 de Julio, donde dos personas fueron observadas por el sistema de videovigilancia forzando una ventana e ingresando al establecimiento.<\/p>\n\n\n\n<p>Al arribar el&nbsp;<strong>personal policial<\/strong>&nbsp;y preventores, constataron que los&nbsp;<strong>delincuentes<\/strong>&nbsp;hab\u00edan ingresado al comercio pero ya no estaban en el lugar. A trav\u00e9s del continuo monitoreo, pudieron ubicarlos en las inmediaciones y les secuestraron una mochila con un destornillador, un pantal\u00f3n rojo y $130 mil en efectivo.<\/p>\n\n\n\n<p>Ambos detenidos fueron trasladados a la Comisar\u00eda Sexta, seg\u00fan explicaron desde el&nbsp;<strong>Ministerio de Seguridad<\/strong>.<\/p>\n\n\n\n<h3 class=\"wp-block-heading\">Un detenido con una r\u00e9plica de arma de fuego en Las Heras<\/h3>\n\n\n\n<p><strong>Efectivos policiales<\/strong>\u00a0del CEO recibieron un aviso por un intento de ingreso a los dep\u00f3sitos del supermercado \u00c1tomo, en calle Paul Harris. Desde el sistema de videovigilancia divisaron al sospechoso y al arribo de los agentes lograron interceptarlo y constatar que llevaba una r\u00e9plica de arma de fuego.<\/p>\n\n\n\n<p>Se trataba de un hombre de 33 a\u00f1os que termin\u00f3 detenido en la Comisar\u00eda 16 a disposici\u00f3n del Juzgado Contravencional N\u00ba1, de acuerdo con fuentes policiales.<\/p>\n\n\n\n<h2 class=\"wp-block-heading\">Una persecuci\u00f3n policial termin\u00f3 con el recupero de una moto robada<\/h2>\n\n\n\n<p>Un hombre y una mujer protagonizaron una\u00a0<strong>persecuci\u00f3n policial<\/strong>\u00a0luego de evadir un control de tr\u00e1nsito en calle C\u00f3rdoba de Ciudad. El seguimiento fue realizado, seg\u00fan informaron desde el\u00a0<strong>Ministerio de Seguridad<\/strong>, por distintas c\u00e1maras incorporadas al sistema, hasta que la\u00a0<strong>Polic\u00eda<\/strong>\u00a0pudo detenerlos en la intersecci\u00f3n de Independencia y Democracia.<\/p>\n\n\n\n<p>Al interceptarlos constataron, con los n\u00fameros de motor y cuadro, que el veh\u00edculo hab\u00eda sido sustra\u00eddo en un hecho calificado como hurto agravado.<\/p>\n\n\n\n<p>El conductor y su mujer, quien iba como acompa\u00f1ante, fueron detenidos y trasladados a la subcomisar\u00eda Iriarte y quedaron a disposici\u00f3n de la Oficina Fiscal N\u00ba1.<\/p>\n\n\n\n<p><strong>Fuente: www.diariouno.com.a<\/strong>r<\/p>\n","protected":false},"excerpt":{"rendered":"<p>Como ocurri\u00f3 la semana pasada, la\u00a0Polic\u00eda\u00a0despleg\u00f3 otro operativo de saturaci\u00f3n en\u00a0Maip\u00fa\u00a0pero esta vez en la zona de El Bloque. Durante tres horas, el operativo sorprendi\u00f3 a los vecinos por la gran cantidad de efectivos policiales que, en total, permiti\u00f3 la identificaci\u00f3n de 400 personas y la\u00a0detenci\u00f3n\u00a0de 34. Entre los&nbsp;aprehendidos,&nbsp;una persona ten\u00eda una medida judicial pendiente, [&hellip;]<\/p>\n","protected":false},"author":2,"featured_media":13014,"comment_status":"open","ping_status":"open","sticky":false,"template":"","format":"standard","meta":[],"categories":[48],"tags":[],"_links":{"self":[{"href":"https:\/\/pasaenmendoza.com\/index.php?rest_route=\/wp\/v2\/posts\/13013"}],"collection":[{"href":"https:\/\/pasaenmendoza.com\/index.php?rest_route=\/wp\/v2\/posts"}],"about":[{"href":"https:\/\/pasaenmendoza.com\/index.php?rest_route=\/wp\/v2\/types\/post"}],"author":[{"embeddable":true,"href":"https:\/\/pasaenmendoza.com\/index.php?rest_route=\/wp\/v2\/users\/2"}],"replies":[{"embeddable":true,"href":"https:\/\/pasaenmendoza.com\/index.php?rest_route=%2Fwp%2Fv2%2Fcomments&post=13013"}],"version-history":[{"count":1,"href":"https:\/\/pasaenmendoza.com\/index.php?rest_route=\/wp\/v2\/posts\/13013\/revisions"}],"predecessor-version":[{"id":13015,"href":"https:\/\/pasaenmendoza.com\/index.php?rest_route=\/wp\/v2\/posts\/13013\/revisions\/13015"}],"wp:featuredmedia":[{"embeddable":true,"href":"https:\/\/pasaenmendoza.com\/index.php?rest_route=\/wp\/v2\/media\/13014"}],"wp:attachment":[{"href":"https:\/\/pasaenmendoza.com\/index.php?rest_route=%2Fwp%2Fv2%2Fmedia&parent=13013"}],"wp:term":[{"taxonomy":"category","embeddable":true,"href":"https:\/\/pasaenmendoza.com\/index.php?rest_route=%2Fwp%2Fv2%2Fcategories&post=13013"},{"taxonomy":"post_tag","embeddable":true,"href":"https:\/\/pasaenmendoza.com\/index.php?rest_route=%2Fwp%2Fv2%2Ftags&post=13013"}],"curies":[{"name":"wp","href":"https:\/\/api.w.org\/{rel}","templated":true}]}}