{"id":13016,"date":"2025-05-19T23:47:48","date_gmt":"2025-05-19T21:47:48","guid":{"rendered":"https:\/\/pasaenmendoza.com\/?p=13016"},"modified":"2025-05-19T23:47:49","modified_gmt":"2025-05-19T21:47:49","slug":"godoy-cruz-en-la-cuenta-regresiva-para-el-regreso-a-un-feliciano-gambarte-hecho-a-nuevo","status":"publish","type":"post","link":"https:\/\/pasaenmendoza.com\/?p=13016","title":{"rendered":"Godoy Cruz, en la cuenta regresiva para el regreso a un Feliciano Gambarte hecho a nuevo"},"content":{"rendered":"\n<p>La cuenta regresiva del regreso de\u00a0<strong>Godoy Cruz<\/strong>\u00a0al estadio\u00a0<strong>Feliciano Gambarte<\/strong>\u00a0ya comenz\u00f3 y el s\u00e1bado 5 de julio es la fecha se\u00f1alada para la &#8220;vuelta a casa&#8221; de todos los hinchas y socios del Tomba.<\/p>\n\n\n\n<p>La obra de infraestructura deportiva m\u00e1s importante que ha tenido Mendoza en los \u00faltimos a\u00f1os est\u00e1 en su etapa final y la dirigencia del club decidi\u00f3 abrir sus puertas para mostrar la evoluci\u00f3n.<\/p>\n\n\n\n<p>Por invitaci\u00f3n del presidente Alejandro Chapini, representantes de todos los medios de la provincia visitamos el estadio que ya est\u00e1 casi terminado y en el que se est\u00e1 trabajando a pleno para que todo est\u00e9 listo para esa fecha establecida y un par de semanas m\u00e1s tarde, ante Sarmiento de Jun\u00edn, sea el primer partido oficial en el escenario que m\u00e1s que remodelado ha sido construido a nuevo.<\/p>\n\n\n\n<p>&#8220;Comenzamos pensando que iba a ser una obra como para volver de alguna manera, pero los que lo llevan desde el primer d\u00eda saben que tuvimos que cambiar estructuras que estaban muy viejas, que ten\u00edan 65 a\u00f1os casi, y bueno, esto ha sido fruto del esfuerzo que el club hizo durante todos este tiempo de vender jugadores importantes, y eso se ha volcado para que esto que est\u00e1n viendo hoy sea posible&#8221;, explic\u00f3 Chapini.<\/p>\n\n\n\n<p>El nuevo Feliciano Gambarte tendr\u00e1 capacidad para m\u00e1s de 20.000 espectadores, cinco vestuarios con todas las comodidades para locales, visitantes y \u00e1rbitros, enfermer\u00eda, sala de prensa, sala para control antid\u00f3ping, un sector especialmente asignado para que sea un estadio cardioprotegido y un centro de monitoreo para controlar junto a la Polic\u00eda m\u00e1s de 70 c\u00e1maras de seguridad dentro y en los alrededores del estadio.<\/p>\n\n\n\n<p>&#8220;Fernando (Dafr\u00e9), dice que hoy la obra est\u00e1 en el 95 por ciento. Si no estar\u00e1 en el 90, porque ya comienza todo lo que es cerrar los palcos. Esta semana algunos ya van a estar totalmente terminados. La semana que viene empiezan a instalar el cartel electr\u00f3nico, que va a estar en la parte Sur, con aproximadamente 50 metros cuadrados (25 x 2) y todo ese tipo de cosas est\u00e1n contratadas y van a estar en tiempo y forma. Las c\u00e1maras de seguridad ya se probaron este fin de semana, funcionan perfectas, y la cancha ya ha sido reacondicionada con la resiembra del c\u00e9sped de oto\u00f1o, y en 15 o 20 d\u00edas ya se puede empezar a pisar&#8221;, agreg\u00f3 el m\u00e1ximo dirigente de Godoy Cruz Antonio Tomba.<\/p>\n\n\n\n<p>Adem\u00e1s, con un sistema sustentable, t\u00e9rmico y ac\u00fastico se est\u00e1n construyendo los palcos, las cabinas y el sector para la prensa, con m\u00e1s de 800 metros cuadrados cubiertos que ser\u00e1n construidos desde cero en solo 100 d\u00edas.<\/p>\n\n\n\n<p>A 7 semanas del esperado 5 de julio, Chapini expres\u00f3: &#8220;Cuando se termine la \u00faltima parte que es el sector Oeste y que ya se pueden ver los ca\u00f1os que marcan la altura de los palcos, van a quedar pr\u00e1cticamente los cuatro sectores terminados de las tribunas y estamos ya definiendo que donde fue hist\u00f3ricamente el codo antes de fin de a\u00f1o podamos tener un restor\u00e1n para ser utilizado los 30 d\u00edas de cada mes sin ning\u00fan tipo de problemas&#8221;.<\/p>\n\n\n\n<p><strong>&#8220;Todo el que estuvo ac\u00e1 merece venir de nuevo y sentir que de una u otra forma estuvo defendiendo los colores y fue muy importante para lo que hoy es Godoy Cruz&#8221;.<\/strong><\/p>\n\n\n\n<p>Respecto a c\u00f3mo evolucion\u00f3 el proyecto desde su origen, puntualiz\u00f3: &#8220;Primero que nada creo que pensamos volver de alguna manera a ser locales. Despu\u00e9s cuando fuimos avanzando nos dimos cuenta que de alguna u otra manera nos ayudaba algunas ventas de jugadores que tuvimos, algunos auspiciantes que nos ayudaron y tambi\u00e9n much\u00edsima gente que hoy est\u00e1 en el anonimato y que de una u otra manera hizo su aporte. Y no me quiero olvidar del hincha, que tiene un gran granito de arena y cuando lo convocamos a pintar el estadio hicieron cola, m\u00e1s de mil personas se anotaron y pintaron lo que todos hoy ven de azul y blanco&#8221;.<\/p>\n\n\n\n<p><strong>&#8220;Este volver no es solamente de una persona, ni lo hicimos diez o veinte. De una u otra manera lo hemos hecho todos los que formamos parte del pueblo tombino, todos los que tienen su coraz\u00f3n pintado de azul y blanco. As\u00ed que a todos ellos nuestro sincero reconocimiento&#8221;.<\/strong><\/p>\n\n\n\n<p><strong>Fuente: www.diariouno.com.ar<\/strong><\/p>\n","protected":false},"excerpt":{"rendered":"<p>La cuenta regresiva del regreso de\u00a0Godoy Cruz\u00a0al estadio\u00a0Feliciano Gambarte\u00a0ya comenz\u00f3 y el s\u00e1bado 5 de julio es la fecha se\u00f1alada para la &#8220;vuelta a casa&#8221; de todos los hinchas y socios del Tomba. La obra de infraestructura deportiva m\u00e1s importante que ha tenido Mendoza en los \u00faltimos a\u00f1os est\u00e1 en su etapa final y la [&hellip;]<\/p>\n","protected":false},"author":2,"featured_media":13017,"comment_status":"open","ping_status":"open","sticky":false,"template":"","format":"standard","meta":[],"categories":[81],"tags":[],"_links":{"self":[{"href":"https:\/\/pasaenmendoza.com\/index.php?rest_route=\/wp\/v2\/posts\/13016"}],"collection":[{"href":"https:\/\/pasaenmendoza.com\/index.php?rest_route=\/wp\/v2\/posts"}],"about":[{"href":"https:\/\/pasaenmendoza.com\/index.php?rest_route=\/wp\/v2\/types\/post"}],"author":[{"embeddable":true,"href":"https:\/\/pasaenmendoza.com\/index.php?rest_route=\/wp\/v2\/users\/2"}],"replies":[{"embeddable":true,"href":"https:\/\/pasaenmendoza.com\/index.php?rest_route=%2Fwp%2Fv2%2Fcomments&post=13016"}],"version-history":[{"count":1,"href":"https:\/\/pasaenmendoza.com\/index.php?rest_route=\/wp\/v2\/posts\/13016\/revisions"}],"predecessor-version":[{"id":13018,"href":"https:\/\/pasaenmendoza.com\/index.php?rest_route=\/wp\/v2\/posts\/13016\/revisions\/13018"}],"wp:featuredmedia":[{"embeddable":true,"href":"https:\/\/pasaenmendoza.com\/index.php?rest_route=\/wp\/v2\/media\/13017"}],"wp:attachment":[{"href":"https:\/\/pasaenmendoza.com\/index.php?rest_route=%2Fwp%2Fv2%2Fmedia&parent=13016"}],"wp:term":[{"taxonomy":"category","embeddable":true,"href":"https:\/\/pasaenmendoza.com\/index.php?rest_route=%2Fwp%2Fv2%2Fcategories&post=13016"},{"taxonomy":"post_tag","embeddable":true,"href":"https:\/\/pasaenmendoza.com\/index.php?rest_route=%2Fwp%2Fv2%2Ftags&post=13016"}],"curies":[{"name":"wp","href":"https:\/\/api.w.org\/{rel}","templated":true}]}}