{"id":13025,"date":"2025-05-20T16:12:09","date_gmt":"2025-05-20T14:12:09","guid":{"rendered":"https:\/\/pasaenmendoza.com\/?p=13025"},"modified":"2025-05-20T16:12:11","modified_gmt":"2025-05-20T14:12:11","slug":"grave-choque-entre-camiones-en-ruta-7-un-conductor-quedo-atrapado-en-la-cabina","status":"publish","type":"post","link":"https:\/\/pasaenmendoza.com\/?p=13025","title":{"rendered":"Grave choque entre camiones en Ruta 7: un conductor qued\u00f3 atrapado en la cabina"},"content":{"rendered":"\n<p>Un accidente de tr\u00e1nsito entre dos camiones tuvo lugar en la noche del lunes, en el kil\u00f3metro 962 de la Ruta Nacional 7, a la altura de Santa Rosa. El hecho dej\u00f3 al conductor de uno de los veh\u00edculos atrapado en la cabina.<\/p>\n\n\n\n<p>Todo comenz\u00f3 cuando dos veh\u00edculos circulaban en la misma direcci\u00f3n, de este a oeste, cuando por causas que se investigan, un cami\u00f3n Mercedes Benz 2035 con semirremolque impact\u00f3 desde atr\u00e1s a un cami\u00f3n Iveco Eurotech blanco con semirremolque perteneciente a la empresa Transporte Blasco.<\/p>\n\n\n\n<p>El Iveco, que circulaba sin carga, era conducido por un hombre de 50 a\u00f1os quien result\u00f3 ileso. Lo acompa\u00f1aba una mujer, quien tampoco present\u00f3 lesiones. Ambos contaban con la documentaci\u00f3n en regla y los controles de alcoholemia dieron resultado negativo (0,00 g\/l).<\/p>\n\n\n\n<p>En cambio, el conductor del cami\u00f3n Mercedes Benz \u2014que transportaba ma\u00edz\u2014 qued\u00f3 atrapado en el interior de su veh\u00edculo tras la colisi\u00f3n.<\/p>\n\n\n\n<p>El lugar del siniestro no cuenta con iluminaci\u00f3n artificial, aunque la calzada se encontraba en buen estado. Como consecuencia del impacto y para facilitar el trabajo de rescate, se procedi\u00f3 al corte total de la circulaci\u00f3n en la zona, desviando el tr\u00e1nsito desde Ruta 7 hacia Ruta 50 a trav\u00e9s de la variante.<\/p>\n\n\n\n<p>Trabajaron en el lugar personal de la Comisar\u00eda 21 de Santa Rosa, Bomberos Voluntarios, Polic\u00eda Cient\u00edfica y efectivos de Vial Santa Rosa, quienes realizaron peritajes, controles de alcoholemia y regulaci\u00f3n del tr\u00e1nsito.<\/p>\n\n\n\n<p><strong>Fuente: www.elsol.com.ar<\/strong><\/p>\n","protected":false},"excerpt":{"rendered":"<p>Un accidente de tr\u00e1nsito entre dos camiones tuvo lugar en la noche del lunes, en el kil\u00f3metro 962 de la Ruta Nacional 7, a la altura de Santa Rosa. El hecho dej\u00f3 al conductor de uno de los veh\u00edculos atrapado en la cabina. Todo comenz\u00f3 cuando dos veh\u00edculos circulaban en la misma direcci\u00f3n, de este [&hellip;]<\/p>\n","protected":false},"author":2,"featured_media":13026,"comment_status":"open","ping_status":"open","sticky":false,"template":"","format":"standard","meta":[],"categories":[48],"tags":[],"_links":{"self":[{"href":"https:\/\/pasaenmendoza.com\/index.php?rest_route=\/wp\/v2\/posts\/13025"}],"collection":[{"href":"https:\/\/pasaenmendoza.com\/index.php?rest_route=\/wp\/v2\/posts"}],"about":[{"href":"https:\/\/pasaenmendoza.com\/index.php?rest_route=\/wp\/v2\/types\/post"}],"author":[{"embeddable":true,"href":"https:\/\/pasaenmendoza.com\/index.php?rest_route=\/wp\/v2\/users\/2"}],"replies":[{"embeddable":true,"href":"https:\/\/pasaenmendoza.com\/index.php?rest_route=%2Fwp%2Fv2%2Fcomments&post=13025"}],"version-history":[{"count":1,"href":"https:\/\/pasaenmendoza.com\/index.php?rest_route=\/wp\/v2\/posts\/13025\/revisions"}],"predecessor-version":[{"id":13027,"href":"https:\/\/pasaenmendoza.com\/index.php?rest_route=\/wp\/v2\/posts\/13025\/revisions\/13027"}],"wp:featuredmedia":[{"embeddable":true,"href":"https:\/\/pasaenmendoza.com\/index.php?rest_route=\/wp\/v2\/media\/13026"}],"wp:attachment":[{"href":"https:\/\/pasaenmendoza.com\/index.php?rest_route=%2Fwp%2Fv2%2Fmedia&parent=13025"}],"wp:term":[{"taxonomy":"category","embeddable":true,"href":"https:\/\/pasaenmendoza.com\/index.php?rest_route=%2Fwp%2Fv2%2Fcategories&post=13025"},{"taxonomy":"post_tag","embeddable":true,"href":"https:\/\/pasaenmendoza.com\/index.php?rest_route=%2Fwp%2Fv2%2Ftags&post=13025"}],"curies":[{"name":"wp","href":"https:\/\/api.w.org\/{rel}","templated":true}]}}