{"id":13031,"date":"2025-05-20T16:24:32","date_gmt":"2025-05-20T14:24:32","guid":{"rendered":"https:\/\/pasaenmendoza.com\/?p=13031"},"modified":"2025-05-20T16:24:33","modified_gmt":"2025-05-20T14:24:33","slug":"le-dispararon-en-la-cabeza-a-un-hombre-en-el-barrio-de-la-gloria-y-quedo-con-muerte-cerebral","status":"publish","type":"post","link":"https:\/\/pasaenmendoza.com\/?p=13031","title":{"rendered":"Le dispararon en la cabeza a un hombre en el barrio de La Gloria y qued\u00f3 con muerte cerebral"},"content":{"rendered":"\n<p>Un hombre recibi\u00f3 un disparo en la cabeza en la noche de este lunes en el barrio La Gloria de Godoy Cruz y la ma\u00f1ana de este martes presentaba \u201cmuerte cerebral\u201d. La v\u00edctima, conocida en la zona con varios alias, principalmente el de&nbsp;<em>Charango<\/em>, fue encontrada&nbsp;<strong>en los pasillos de la manzana K, a pocos metros de un quiosquito<\/strong>. Tambi\u00e9n presentaba un disparo en el t\u00f3rax.<\/p>\n\n\n\n<p>Fuentes policiales y judiciales confirmaron a&nbsp;<em><strong>El Sol&nbsp;<\/strong><\/em>que el hombre, identificado como V\u00edctor M\u00e9ndez (26), fue llevado al Hospital Central y&nbsp;<strong>se constat\u00f3 que ten\u00eda muerte cerebral minutos despu\u00e9s, con diagn\u00f3stico de ingreso de proyectil en el t\u00f3rax y cabeza.<\/strong>&nbsp;En un principio, hab\u00eda ingresado sin vida pero \u201clograron sacarlo\u201d.<\/p>\n\n\n\n<p>El ataque ocurri\u00f3 pasadas las 22 y fue advertido por vecinos que escucharon las detonaciones y salieron a la calle. Minutos despu\u00e9s,\u00a0<strong>personal de la Comisar\u00eda 52\u00b0\u00a0<\/strong>lleg\u00f3 hasta la escena y constat\u00f3 que el hombre yac\u00eda tendido agonizando.<\/p>\n\n\n\n<p>Seg\u00fan contaron testigos a este diario, el sujeto era un habitual del barrio, identificado tambi\u00e9n&nbsp;<strong>por su fuerte v\u00ednculo con la hinchada de Godoy Cruz.<\/strong>&nbsp;Su cuerpo qued\u00f3 en medio del pasillo, sin que hubiera posibilidad alguna de asistencia m\u00e9dica en ese momento.<\/p>\n\n\n\n<p>De acuerdo con las primeras averiguaciones, el agresor habr\u00eda escapado a pie y tendr\u00eda base en el barrio Los Alerces. Esta pista, sumada a testimonios recolectados en el lugar, podr\u00edan encaminar la instrucci\u00f3n hacia ese sector ubicado en la triple frontera.<\/p>\n\n\n\n<p>La causa qued\u00f3 en<strong>\u00a0manos de la fiscal de Homicidios Andrea Lazo<\/strong>, que dispuso diversas medidas en busca del autor del hecho de sangre, mientras la Polic\u00eda Cient\u00edfica levantaba rastros bal\u00edsticos en el lugar.<\/p>\n\n\n\n<p><strong>Fuente: www.elsol.com.ar<\/strong><\/p>\n","protected":false},"excerpt":{"rendered":"<p>Un hombre recibi\u00f3 un disparo en la cabeza en la noche de este lunes en el barrio La Gloria de Godoy Cruz y la ma\u00f1ana de este martes presentaba \u201cmuerte cerebral\u201d. La v\u00edctima, conocida en la zona con varios alias, principalmente el de&nbsp;Charango, fue encontrada&nbsp;en los pasillos de la manzana K, a pocos metros de [&hellip;]<\/p>\n","protected":false},"author":2,"featured_media":13032,"comment_status":"open","ping_status":"open","sticky":false,"template":"","format":"standard","meta":[],"categories":[48],"tags":[],"_links":{"self":[{"href":"https:\/\/pasaenmendoza.com\/index.php?rest_route=\/wp\/v2\/posts\/13031"}],"collection":[{"href":"https:\/\/pasaenmendoza.com\/index.php?rest_route=\/wp\/v2\/posts"}],"about":[{"href":"https:\/\/pasaenmendoza.com\/index.php?rest_route=\/wp\/v2\/types\/post"}],"author":[{"embeddable":true,"href":"https:\/\/pasaenmendoza.com\/index.php?rest_route=\/wp\/v2\/users\/2"}],"replies":[{"embeddable":true,"href":"https:\/\/pasaenmendoza.com\/index.php?rest_route=%2Fwp%2Fv2%2Fcomments&post=13031"}],"version-history":[{"count":1,"href":"https:\/\/pasaenmendoza.com\/index.php?rest_route=\/wp\/v2\/posts\/13031\/revisions"}],"predecessor-version":[{"id":13033,"href":"https:\/\/pasaenmendoza.com\/index.php?rest_route=\/wp\/v2\/posts\/13031\/revisions\/13033"}],"wp:featuredmedia":[{"embeddable":true,"href":"https:\/\/pasaenmendoza.com\/index.php?rest_route=\/wp\/v2\/media\/13032"}],"wp:attachment":[{"href":"https:\/\/pasaenmendoza.com\/index.php?rest_route=%2Fwp%2Fv2%2Fmedia&parent=13031"}],"wp:term":[{"taxonomy":"category","embeddable":true,"href":"https:\/\/pasaenmendoza.com\/index.php?rest_route=%2Fwp%2Fv2%2Fcategories&post=13031"},{"taxonomy":"post_tag","embeddable":true,"href":"https:\/\/pasaenmendoza.com\/index.php?rest_route=%2Fwp%2Fv2%2Ftags&post=13031"}],"curies":[{"name":"wp","href":"https:\/\/api.w.org\/{rel}","templated":true}]}}