{"id":13038,"date":"2025-05-20T23:43:50","date_gmt":"2025-05-20T21:43:50","guid":{"rendered":"https:\/\/pasaenmendoza.com\/?p=13038"},"modified":"2025-05-20T23:43:51","modified_gmt":"2025-05-20T21:43:51","slug":"son-ley-los-cambios-que-dejaran-sin-ciudadania-italiana-a-miles-de-mendocinos","status":"publish","type":"post","link":"https:\/\/pasaenmendoza.com\/?p=13038","title":{"rendered":"Son ley los cambios que dejar\u00e1n sin ciudadan\u00eda italiana a miles de mendocinos"},"content":{"rendered":"\n<p>Como ya se anticipaba la semana pasada, la C\u00e1mara de Diputados de\u00a0<strong>Italia<\/strong>\u00a0aprob\u00f3 este martes el decreto de la primera ministra\u00a0<strong>Giorgia Meloni<\/strong>\u00a0que establece estrictos cambios para la obtenci\u00f3n de la\u00a0<strong>ciudadan\u00eda italiana<\/strong>\u00a0y ahora s\u00f3lo resta la promulgaci\u00f3n por parte del Ejecutivo. Fue por 137 votos a favor, 83 en contra y 2 abstenciones.<\/p>\n\n\n\n<p>Bajo los nuevos cambios propuestos por el gobierno de Italia, solo los hijos y nietos de italianos podr\u00e1n realizar el tr\u00e1mite. La \u00fanica excepci\u00f3n ser\u00e1 para aquellos que puedan comprobar dos a\u00f1os o m\u00e1s de residencia en el pa\u00eds europeo.<\/p>\n\n\n\n<p>Por la demanda de diputados \u00edtalo-argentinos, el Ejecutivo concedi\u00f3 una enmienda al decreto que habilita a los reconocidos ciudadanos italianos transmit\u00edrsela a sus hijos. En este caso, si el menor naci\u00f3 antes del 27 de marzo a las 23.59 -hora de Roma-, los padres tienen tiempo de inscribirlos hasta el 31 de mayo de 2026 por el sistema Fast.it del consulado.<\/p>\n\n\n\n<p>En caso de que haya nacido a partir del 28 de marzo, los progenitores tienen hasta un a\u00f1o para registrarlo.<\/p>\n\n\n\n<h2 class=\"wp-block-heading\">Adi\u00f3s al laxo &#8220;ius sanguinis&#8221; que permit\u00eda sacar la ciudadan\u00eda italiana sin l\u00edmite generacional<\/h2>\n\n\n\n<p>Hasta el decreto de\u00a0<strong>Meloni,<\/strong>\u00a0el\u00a0acceso a la\u00a0<strong>ciudadan\u00eda italiana<\/strong>\u00a0para los descendientes italianos\u00a0fue un derecho reconocido por el propio Estado. Desde el 28 de marzo, se limit\u00f3 al extremo (antes era sin l\u00edmite generacional) y ahora est\u00e1n habilitados solo hijos o nietos de italianos. Con el requisito extra de que estos antepasados nunca debieron naturalizarse argentinos, es decir, nunca debieron tener la doble ciudadan\u00eda.<\/p>\n\n\n\n<p>\u00bfQu\u00e9 pasa con los bisnietos que ya hab\u00edan presentado su solicitud antes del decreto? La respuesta est\u00e1 en el inciso a-bis del texto aprobado. Seg\u00fan se indica, quienes hayan presentado la documentaci\u00f3n completa para obtener la<strong>&nbsp;ciudadan\u00eda italiana<\/strong>&nbsp;antes del 27 de marzo a las 23.59 sus solicitudes se regir\u00e1n por la ley anterior.<\/p>\n\n\n\n<p>La otra buena noticia es que quienes ten\u00edan turno asignado para presentar la documentaci\u00f3n para despu\u00e9s del decreto, tambi\u00e9n se regir\u00e1n por la ley anterior.<\/p>\n\n\n\n<h2 class=\"wp-block-heading\">La votaci\u00f3n en el Senado tambi\u00e9n fue holgada a favor de la implementaci\u00f3n del decreto<\/h2>\n\n\n\n<p>El Senado de\u00a0<strong>Italia<\/strong>\u00a0aprob\u00f3 el jueves pasado los cambios a la ciudadan\u00eda italiana con 81 votos positivos y 37 negativos. &#8220;La reforma no excluye, sino que responsabiliza&#8221;, explicaron y celebraron desde el gobierno de\u00a0<strong>Giorgia Meloni<\/strong>\u00a0luego de dicha votaci\u00f3n.<\/p>\n\n\n\n<p>Y, ampliaron: &#8220;La ciudadan\u00eda debe ser un reconocimiento serio y consciente, que se confirma mediante el compromiso. Propone criterios m\u00e1s selectivos y transparentes, capaces de fortalecer la integridad de nuestro sistema y prevenir abusos\u201d.<\/p>\n\n\n\n<p>Con estas declaraciones, lo \u00fanico que falta es la r\u00fabrica por parte de la primera ministra Meloni, que se descuenta que lo har\u00e1 en las pr\u00f3ximas horas.<\/p>\n\n\n\n<p><strong>Fuente: www.diariouno.com.ar<\/strong><\/p>\n","protected":false},"excerpt":{"rendered":"<p>Como ya se anticipaba la semana pasada, la C\u00e1mara de Diputados de\u00a0Italia\u00a0aprob\u00f3 este martes el decreto de la primera ministra\u00a0Giorgia Meloni\u00a0que establece estrictos cambios para la obtenci\u00f3n de la\u00a0ciudadan\u00eda italiana\u00a0y ahora s\u00f3lo resta la promulgaci\u00f3n por parte del Ejecutivo. Fue por 137 votos a favor, 83 en contra y 2 abstenciones. Bajo los nuevos cambios [&hellip;]<\/p>\n","protected":false},"author":2,"featured_media":13039,"comment_status":"open","ping_status":"open","sticky":false,"template":"","format":"standard","meta":[],"categories":[50],"tags":[],"_links":{"self":[{"href":"https:\/\/pasaenmendoza.com\/index.php?rest_route=\/wp\/v2\/posts\/13038"}],"collection":[{"href":"https:\/\/pasaenmendoza.com\/index.php?rest_route=\/wp\/v2\/posts"}],"about":[{"href":"https:\/\/pasaenmendoza.com\/index.php?rest_route=\/wp\/v2\/types\/post"}],"author":[{"embeddable":true,"href":"https:\/\/pasaenmendoza.com\/index.php?rest_route=\/wp\/v2\/users\/2"}],"replies":[{"embeddable":true,"href":"https:\/\/pasaenmendoza.com\/index.php?rest_route=%2Fwp%2Fv2%2Fcomments&post=13038"}],"version-history":[{"count":1,"href":"https:\/\/pasaenmendoza.com\/index.php?rest_route=\/wp\/v2\/posts\/13038\/revisions"}],"predecessor-version":[{"id":13040,"href":"https:\/\/pasaenmendoza.com\/index.php?rest_route=\/wp\/v2\/posts\/13038\/revisions\/13040"}],"wp:featuredmedia":[{"embeddable":true,"href":"https:\/\/pasaenmendoza.com\/index.php?rest_route=\/wp\/v2\/media\/13039"}],"wp:attachment":[{"href":"https:\/\/pasaenmendoza.com\/index.php?rest_route=%2Fwp%2Fv2%2Fmedia&parent=13038"}],"wp:term":[{"taxonomy":"category","embeddable":true,"href":"https:\/\/pasaenmendoza.com\/index.php?rest_route=%2Fwp%2Fv2%2Fcategories&post=13038"},{"taxonomy":"post_tag","embeddable":true,"href":"https:\/\/pasaenmendoza.com\/index.php?rest_route=%2Fwp%2Fv2%2Ftags&post=13038"}],"curies":[{"name":"wp","href":"https:\/\/api.w.org\/{rel}","templated":true}]}}