{"id":13044,"date":"2025-05-20T23:54:42","date_gmt":"2025-05-20T21:54:42","guid":{"rendered":"https:\/\/pasaenmendoza.com\/?p=13044"},"modified":"2025-05-20T23:54:43","modified_gmt":"2025-05-20T21:54:43","slug":"cornejo-se-comprometio-ante-empresarios-vinculados-a-ee-uu-a-colaborar-con-milei-en-las-elecciones","status":"publish","type":"post","link":"https:\/\/pasaenmendoza.com\/?p=13044","title":{"rendered":"Cornejo se comprometi\u00f3 ante empresarios vinculados a EE.UU. a colaborar con Milei en las elecciones"},"content":{"rendered":"\n<p>El gobernador de Mendoza,\u00a0<strong>Alfredo Cornejo<\/strong>, asegur\u00f3 ante empresarios de todo el pa\u00eds que todos los que apoyan la orientaci\u00f3n econ\u00f3mica que Javier Milei le ha dado al pa\u00eds, deben buscar que el gobierno \u201cno salga debilitado de las\u00a0<strong>elecciones<\/strong>\u00a0de medio t\u00e9rmino\u201d y que \u00e9l est\u00e1 comprometido con ello.<\/p>\n\n\n\n<p>\u201cYo estoy en eso\u201d, expres\u00f3 durante su exposici\u00f3n en el&nbsp;<strong>AmCham Summit<\/strong>, organizado por la C\u00e1mara de Comercio de los&nbsp;<strong>Estados Unidos<\/strong>&nbsp;en Argentina.<\/p>\n\n\n\n<p>En el mismo sentido se expres\u00f3 antes Abigail Dressel, encargada de negocios de la embajada estadounidense en el pa\u00eds, con quien&nbsp;<strong>Alfredo Cornejo<\/strong>&nbsp;tiene previsto el almuerzo del d\u00eda.<\/p>\n\n\n\n<p>Alfredo Cornejo se re\u00fane con Abigail Dressel, encargada de negocios de la embajada de Estados Unidos.<\/p>\n\n\n\n<p>\u201cEl presidente&nbsp;<strong>Milei<\/strong>&nbsp;est\u00e1 implementando un cambio radical en la pol\u00edtica econ\u00f3mica argentina con respecto a la pol\u00edtica fiscal, la pol\u00edtica monetaria y la pol\u00edtica cambiaria\u201d, resalt\u00f3 ella en su discurso.<\/p>\n\n\n\n<h2 class=\"wp-block-heading\"><strong>El acuerdo de Alfredo Cornejo con Javier Milei<\/strong><\/h2>\n\n\n\n<p>Si bien sigue sin confirmar el acuerdo con La Libertad Avanza,&nbsp;<strong>Alfredo Cornejo<\/strong>&nbsp;dio una pista m\u00e1s en ese sentido al afirmar que el pase de su vicegobernadora Hebe Casado \u201ces un proleg\u00f3meno de un acuerdo con el radicalismo de Mendoza\u201d.<\/p>\n\n\n\n<p>Ser\u00eda \u201crazonable\u201d llegar a un acuerdo, dijo y ampli\u00f3 detalles ante la consulta de la moderadora del panel que comparti\u00f3 con el gobernador de Salta, Gustavo S\u00e1enz. \u201cSe est\u00e1 conversando pero depende de las ubicaciones de la lista, de si las\u00a0<strong>elecciones<\/strong>\u00a0ser\u00e1n unificadas o no y todav\u00eda no hay definiciones\u201d, expres\u00f3.<\/p>\n\n\n\n<p>Sobre la afiliaci\u00f3n de Casado a LLA,&nbsp;<strong>Cornejo<\/strong>&nbsp;agreg\u00f3 ante empresarios y pol\u00edticos presente que \u201ces liberal de toda la vida, por convicci\u00f3n. Es consecuente con eso desde hace mucho tiempo. Me parece razonable que est\u00e9 en&nbsp;<strong>La Libertad Avanza<\/strong>\u201d.<\/p>\n\n\n\n<h2 class=\"wp-block-heading\"><strong>El apoyo de Alfredo Cornejo a Javier Milei en las elecciones<\/strong><\/h2>\n\n\n\n<p>M\u00e1s all\u00e1 de este posible acuerdo con el\u00a0<strong>mileismo<\/strong>\u00a0y su apoyo para las\u00a0<strong>elecciones<\/strong>\u00a0nacionales de octubre, el gobernador de Mendoza\u00a0<strong>Alfredo Cornejo<\/strong>\u00a0expres\u00f3 que \u201ctambi\u00e9n hay que mirar m\u00e1s all\u00e1\u201d, en relaci\u00f3n a que a\u00fan se \u201cnecesitan acuerdos en materia laboral y fiscal\u201d, especialmente en lo que hace al v\u00ednculo entre Naci\u00f3n y provincias.<\/p>\n\n\n\n<p><strong>Fuente: www.diariouno.com.ar<\/strong><\/p>\n","protected":false},"excerpt":{"rendered":"<p>El gobernador de Mendoza,\u00a0Alfredo Cornejo, asegur\u00f3 ante empresarios de todo el pa\u00eds que todos los que apoyan la orientaci\u00f3n econ\u00f3mica que Javier Milei le ha dado al pa\u00eds, deben buscar que el gobierno \u201cno salga debilitado de las\u00a0elecciones\u00a0de medio t\u00e9rmino\u201d y que \u00e9l est\u00e1 comprometido con ello. \u201cYo estoy en eso\u201d, expres\u00f3 durante su exposici\u00f3n [&hellip;]<\/p>\n","protected":false},"author":2,"featured_media":13045,"comment_status":"open","ping_status":"open","sticky":false,"template":"","format":"standard","meta":[],"categories":[47],"tags":[],"_links":{"self":[{"href":"https:\/\/pasaenmendoza.com\/index.php?rest_route=\/wp\/v2\/posts\/13044"}],"collection":[{"href":"https:\/\/pasaenmendoza.com\/index.php?rest_route=\/wp\/v2\/posts"}],"about":[{"href":"https:\/\/pasaenmendoza.com\/index.php?rest_route=\/wp\/v2\/types\/post"}],"author":[{"embeddable":true,"href":"https:\/\/pasaenmendoza.com\/index.php?rest_route=\/wp\/v2\/users\/2"}],"replies":[{"embeddable":true,"href":"https:\/\/pasaenmendoza.com\/index.php?rest_route=%2Fwp%2Fv2%2Fcomments&post=13044"}],"version-history":[{"count":1,"href":"https:\/\/pasaenmendoza.com\/index.php?rest_route=\/wp\/v2\/posts\/13044\/revisions"}],"predecessor-version":[{"id":13046,"href":"https:\/\/pasaenmendoza.com\/index.php?rest_route=\/wp\/v2\/posts\/13044\/revisions\/13046"}],"wp:featuredmedia":[{"embeddable":true,"href":"https:\/\/pasaenmendoza.com\/index.php?rest_route=\/wp\/v2\/media\/13045"}],"wp:attachment":[{"href":"https:\/\/pasaenmendoza.com\/index.php?rest_route=%2Fwp%2Fv2%2Fmedia&parent=13044"}],"wp:term":[{"taxonomy":"category","embeddable":true,"href":"https:\/\/pasaenmendoza.com\/index.php?rest_route=%2Fwp%2Fv2%2Fcategories&post=13044"},{"taxonomy":"post_tag","embeddable":true,"href":"https:\/\/pasaenmendoza.com\/index.php?rest_route=%2Fwp%2Fv2%2Ftags&post=13044"}],"curies":[{"name":"wp","href":"https:\/\/api.w.org\/{rel}","templated":true}]}}