{"id":13047,"date":"2025-05-21T15:23:52","date_gmt":"2025-05-21T13:23:52","guid":{"rendered":"https:\/\/pasaenmendoza.com\/?p=13047"},"modified":"2025-05-21T15:23:53","modified_gmt":"2025-05-21T13:23:53","slug":"miercoles-con-buen-tiempo-y-ascenso-de-la-temperatura","status":"publish","type":"post","link":"https:\/\/pasaenmendoza.com\/?p=13047","title":{"rendered":"Mi\u00e9rcoles con buen tiempo y ascenso de la temperatura"},"content":{"rendered":"\n<p>Luego de tres jornadas fr\u00edas, llega el<strong>&nbsp;buen tiempo a Mendoza<\/strong>, con&nbsp;<strong>ascenso de la temperatura<\/strong>&nbsp;y vientos leves del noreste.&nbsp;<strong>La m\u00ednima ser\u00e1 de 6 grados y la m\u00e1xima prevista podr\u00eda llegar a los 19.<\/strong><\/p>\n\n\n\n<p>Para el<strong>&nbsp;jueves<\/strong>, la Direcci\u00f3n de Contingencias Clim\u00e1ticas indica: \u201cTiempo bueno con poco cambio de la temperatura, vientos de direcci\u00f3n variable\u201d. La m\u00ednima ser\u00e1 de 8 grados y la m\u00e1xima de 19.<\/p>\n\n\n\n<p>En tanto para el<strong>\u00a0viernes<\/strong>\u00a0se prev\u00e9: \u201cTiempo bueno con leve descenso de la temperatura, vientos leves del noreste. Nevadas en cordillera\u201d.\u00a0<strong>La m\u00ednima ser\u00e1 de 8 grados y la m\u00e1xima de 17.<\/strong><\/p>\n\n\n\n<p><strong>Fuente: www.elsol.com.ar<\/strong><\/p>\n","protected":false},"excerpt":{"rendered":"<p>Luego de tres jornadas fr\u00edas, llega el&nbsp;buen tiempo a Mendoza, con&nbsp;ascenso de la temperatura&nbsp;y vientos leves del noreste.&nbsp;La m\u00ednima ser\u00e1 de 6 grados y la m\u00e1xima prevista podr\u00eda llegar a los 19. Para el&nbsp;jueves, la Direcci\u00f3n de Contingencias Clim\u00e1ticas indica: \u201cTiempo bueno con poco cambio de la temperatura, vientos de direcci\u00f3n variable\u201d. La m\u00ednima ser\u00e1 [&hellip;]<\/p>\n","protected":false},"author":2,"featured_media":13048,"comment_status":"open","ping_status":"open","sticky":false,"template":"","format":"standard","meta":[],"categories":[52],"tags":[],"_links":{"self":[{"href":"https:\/\/pasaenmendoza.com\/index.php?rest_route=\/wp\/v2\/posts\/13047"}],"collection":[{"href":"https:\/\/pasaenmendoza.com\/index.php?rest_route=\/wp\/v2\/posts"}],"about":[{"href":"https:\/\/pasaenmendoza.com\/index.php?rest_route=\/wp\/v2\/types\/post"}],"author":[{"embeddable":true,"href":"https:\/\/pasaenmendoza.com\/index.php?rest_route=\/wp\/v2\/users\/2"}],"replies":[{"embeddable":true,"href":"https:\/\/pasaenmendoza.com\/index.php?rest_route=%2Fwp%2Fv2%2Fcomments&post=13047"}],"version-history":[{"count":1,"href":"https:\/\/pasaenmendoza.com\/index.php?rest_route=\/wp\/v2\/posts\/13047\/revisions"}],"predecessor-version":[{"id":13049,"href":"https:\/\/pasaenmendoza.com\/index.php?rest_route=\/wp\/v2\/posts\/13047\/revisions\/13049"}],"wp:featuredmedia":[{"embeddable":true,"href":"https:\/\/pasaenmendoza.com\/index.php?rest_route=\/wp\/v2\/media\/13048"}],"wp:attachment":[{"href":"https:\/\/pasaenmendoza.com\/index.php?rest_route=%2Fwp%2Fv2%2Fmedia&parent=13047"}],"wp:term":[{"taxonomy":"category","embeddable":true,"href":"https:\/\/pasaenmendoza.com\/index.php?rest_route=%2Fwp%2Fv2%2Fcategories&post=13047"},{"taxonomy":"post_tag","embeddable":true,"href":"https:\/\/pasaenmendoza.com\/index.php?rest_route=%2Fwp%2Fv2%2Ftags&post=13047"}],"curies":[{"name":"wp","href":"https:\/\/api.w.org\/{rel}","templated":true}]}}