{"id":1305,"date":"2023-09-08T15:38:47","date_gmt":"2023-09-08T13:38:47","guid":{"rendered":"https:\/\/pasaenmendoza.com\/?p=1305"},"modified":"2023-09-08T15:38:48","modified_gmt":"2023-09-08T13:38:48","slug":"como-fue-el-robo-al-deposito-de-una-cadena-de-supermercados-y-la-busqueda-de-los-autores","status":"publish","type":"post","link":"https:\/\/pasaenmendoza.com\/?p=1305","title":{"rendered":"C\u00f3mo fue el robo al dep\u00f3sito de una cadena de supermercados y la b\u00fasqueda de los autores"},"content":{"rendered":"\n<p>Casi tres semanas pasaron desde que los fantasmas de la crisis del 2001 se apoderaron de Mendoza y la palabra \u201c<strong>saqueos<\/strong>\u201d inund\u00f3 los grupos de\u00a0<strong>WhatsApp\u00a0<\/strong>y redes sociales. Grupos se organizaron para robar en comercios y supermercados de diferentes puntos de la provincia.<\/p>\n\n\n\n<p>Hubo focos de conflicto en el\u00a0<strong>Gran Mendoza\u00a0<\/strong>y el<strong>\u00a0Valle de Uco<\/strong>; mientras que en la<strong>\u00a0Zona Este\u00a0<\/strong>se logr\u00f3 atrapar a los agitadores antes de que concretaran alguna acci\u00f3n delictiva o alteraci\u00f3n del orden.<\/p>\n\n\n\n<p>Los momentos de mayor tensi\u00f3n se vivieron el s\u00e1bado 18 de agosto en\u00a0<strong>Las Heras<\/strong>, m\u00e1s precisamente en la zona del distrito\u00a0<strong>El Plumerillo<\/strong>, donde se ubica el\u00a0<strong>barrio Santa Teresita\u00a0<\/strong>y otros complejos considerados \u201cpeligrosos\u201d por las autoridades policiales. All\u00ed,\u00a0<mark>grupos de saqueadores atacaron diferentes negocios, provocando destrozos y enfrentamientos con efectivos a su paso<\/mark>.<\/p>\n\n\n\n<p>Pero, instantes antes, hubo un hecho que pas\u00f3 desapercibido.\u00a0<mark>Encapuchados entraron por la fuerza a los dep\u00f3sitos de la empresa\u00a0<strong>Mill\u00e1n S.A.<\/strong>, propietaria de la cadena\u00a0<strong>\u00c1tomo Supermercados<\/strong><\/mark>. Desde ese lugar salen los camiones repletos con mercader\u00eda para repartir entre las decenas de sucursales. Claramente, el objetivo de los malvivientes era acceder a los galpones o robar alguno de los rodados que transportan productos.<\/p>\n\n\n\n<p>Pese a eso, s\u00f3lo\u00a0<mark>alcanzaron a sustraer dos motocicletas de los empleados -agredieron a golpes a un trabajador-, una CPU de la garita de seguridad y algunas pertenencias de los guardias<\/mark>\u00a0que se encontraban trabajando en ese sector, antes de la llegada de los polic\u00edas.<\/p>\n\n\n\n<p>A diferencia de los casos que fueron considerados saqueos, en los cuales intervino el fiscal\u00a0<strong>Fernando Giunta<\/strong>\u00a0y terminaron con 22 detenidos imputados (17 mayores y 5 menores), este hecho qued\u00f3 en la \u00f3rbita de su par de Robos y Hurtos\u00a0<strong>Juliana Labayru<\/strong>.<\/p>\n\n\n\n<p>La representante del Ministerio P\u00fablico aguarda que los detectives de la&nbsp;<strong>Divisi\u00f3n Robos y Hurtos<\/strong>&nbsp;avancen con las tareas de campo y&nbsp;<mark>el an\u00e1lisis de los videos de las c\u00e1maras de seguridad del predio que captaron el accionar de los delincuentes<\/mark>.<\/p>\n\n\n\n<p>Los pesquisas trabajan sobre una serie de fotogramas, a los que tuvo acceso\u00a0<strong><em>El Sol<\/em><\/strong>, en los que se observa con mayor detalle algunos rostros, caracter\u00edsticas f\u00edsicas y de vestimenta de los autores.<\/p>\n\n\n\n<p>Con esas im\u00e1genes los sabuesos tratan de identificar a los maleantes, aunque la tarea no es f\u00e1cil, debido a que los testigos en esa zona suelen ser reticentes a colaborar con el personal policial y s\u00f3lo suelen aportan informaci\u00f3n de manera an\u00f3nima.<\/p>\n\n\n\n<p>Las filmaciones muestran c\u00f3mo un sujeto abri\u00f3 por la fuerza el port\u00f3n de ingreso a los dep\u00f3sitos y luego m\u00e1s de una decena de individuos invadieron el lugar.\u00a0<mark>Los encapuchados golpearon a un empleado, ingresaron a la garita de seguridad y llegaron hasta la zona de la playa de los camiones. Incluso, trataron de abrir esos rodados, pero no lo consiguieron<\/mark>.<\/p>\n\n\n\n<p>Una l\u00ednea investigativa sostiene que dos de los autores son\u00a0<mark>malvivientes oriundos del barrio Santa, apodados como el\u00a0<em>Ferchu\u00a0<\/em>y el\u00a0<em>Pequita<\/em>, quienes estar\u00edan estrechamente vinculados a la barrabrava de\u00a0<strong>Hurac\u00e1n Las Heras<\/strong><\/mark>, m\u00e1s precisamente a la facci\u00f3n que actualmente lidera a la hinchada del Globo mendocino, conocida como \u201cLa N\u00ba 1\u201d, revelaron fuentes consultadas.<\/p>\n\n\n\n<p>Adem\u00e1s, testigos sostuvieron que en la zona donde residen esos personajes, fueron vistas dos motocicletas, que estaban sin chapa patente y que, debido a las caracter\u00edsticas, ser\u00edan la\u00a0<strong>Keeway\u00a0<\/strong>150cc negra y la<strong>\u00a0Honda Wave<\/strong>\u00a0100cc blanca que fueron sustra\u00eddas en el hecho.<\/p>\n\n\n\n<p><strong>El \u00fanico acusado<\/strong><\/p>\n\n\n\n<p>La semana pasada, el martes 29 de agosto, personal de Robos y Hurtos realiz\u00f3 un allanamiento en la manzana E del Santa Teresita, donde\u00a0<mark>detuvieron a<strong>\u00a0Juan Jos\u00e9 Recupero Acosta<\/strong>, de 31 a\u00f1os<\/mark>.<\/p>\n\n\n\n<p>Al sospechoso le secuestraron vestimenta que coincide con la que llevaba puesta uno de los malvivientes que actuaron en el atraco y varios celulares de dudoso origen, detallaron fuentes allegadas a la causa.<\/p>\n\n\n\n<p>La fiscal Labayru\u00a0<mark>lo imput\u00f3 por robo agravado por ser en poblado y en banda<\/mark>. Debido a que no contaba con antecedentes, qued\u00f3 en libertad y se le fijaron una serie de pautas a cumplir para que contin\u00fae sometido al proceso judicial en su contra, agregaron.<\/p>\n\n\n\n<p><strong>Fuente: www.elsol.com.ar<\/strong><\/p>\n","protected":false},"excerpt":{"rendered":"<p>Casi tres semanas pasaron desde que los fantasmas de la crisis del 2001 se apoderaron de Mendoza y la palabra \u201csaqueos\u201d inund\u00f3 los grupos de\u00a0WhatsApp\u00a0y redes sociales. Grupos se organizaron para robar en comercios y supermercados de diferentes puntos de la provincia. Hubo focos de conflicto en el\u00a0Gran Mendoza\u00a0y el\u00a0Valle de Uco; mientras que en [&hellip;]<\/p>\n","protected":false},"author":2,"featured_media":1306,"comment_status":"open","ping_status":"open","sticky":false,"template":"","format":"standard","meta":[],"categories":[48],"tags":[],"_links":{"self":[{"href":"https:\/\/pasaenmendoza.com\/index.php?rest_route=\/wp\/v2\/posts\/1305"}],"collection":[{"href":"https:\/\/pasaenmendoza.com\/index.php?rest_route=\/wp\/v2\/posts"}],"about":[{"href":"https:\/\/pasaenmendoza.com\/index.php?rest_route=\/wp\/v2\/types\/post"}],"author":[{"embeddable":true,"href":"https:\/\/pasaenmendoza.com\/index.php?rest_route=\/wp\/v2\/users\/2"}],"replies":[{"embeddable":true,"href":"https:\/\/pasaenmendoza.com\/index.php?rest_route=%2Fwp%2Fv2%2Fcomments&post=1305"}],"version-history":[{"count":1,"href":"https:\/\/pasaenmendoza.com\/index.php?rest_route=\/wp\/v2\/posts\/1305\/revisions"}],"predecessor-version":[{"id":1307,"href":"https:\/\/pasaenmendoza.com\/index.php?rest_route=\/wp\/v2\/posts\/1305\/revisions\/1307"}],"wp:featuredmedia":[{"embeddable":true,"href":"https:\/\/pasaenmendoza.com\/index.php?rest_route=\/wp\/v2\/media\/1306"}],"wp:attachment":[{"href":"https:\/\/pasaenmendoza.com\/index.php?rest_route=%2Fwp%2Fv2%2Fmedia&parent=1305"}],"wp:term":[{"taxonomy":"category","embeddable":true,"href":"https:\/\/pasaenmendoza.com\/index.php?rest_route=%2Fwp%2Fv2%2Fcategories&post=1305"},{"taxonomy":"post_tag","embeddable":true,"href":"https:\/\/pasaenmendoza.com\/index.php?rest_route=%2Fwp%2Fv2%2Ftags&post=1305"}],"curies":[{"name":"wp","href":"https:\/\/api.w.org\/{rel}","templated":true}]}}