{"id":13060,"date":"2025-05-22T00:09:55","date_gmt":"2025-05-21T22:09:55","guid":{"rendered":"https:\/\/pasaenmendoza.com\/?p=13060"},"modified":"2025-05-22T00:09:56","modified_gmt":"2025-05-21T22:09:56","slug":"robaron-por-quinta-vez-en-una-escuela-tecnica-de-maipu-y-ahora-se-llevaron-maquinas-del-taller","status":"publish","type":"post","link":"https:\/\/pasaenmendoza.com\/?p=13060","title":{"rendered":"Robaron por quinta vez en una Escuela T\u00e9cnica de Maip\u00fa y ahora se llevaron m\u00e1quinas del taller"},"content":{"rendered":"\n<p>La comunidad educativa de la\u00a0<strong>Escuela T\u00e9cnica Guillermo Villanueva 4-108,\u00a0<\/strong>de\u00a0<strong>Maip\u00fa\u00a0<\/strong>volvi\u00f3 a sufrir un\u00a0robo\u00a0este mi\u00e9rcoles y en este caso rompieron el cerco perimetral de alambre y se llevaron dos m\u00e1quinas del taller. En el \u00faltimo tiempo ya padecieron\u00a0<strong>5 hechos\u00a0<\/strong>de este tipo.<\/p>\n\n\n\n<p>El equipo directivo indic\u00f3 que entraron a<strong>&nbsp;robar<\/strong>&nbsp;al establecimiento y se llevaron una cortadora de plasma y una soldadora y subrayaron que esta situaci\u00f3n perjudica a los alumnos porque se usan para las pr\u00e1cticas de taller de tercer a\u00f1o y cuarto a\u00f1o. El a\u00f1o pasado&nbsp;<strong>vandalizaron&nbsp;<\/strong>las paredes del establecimiento.<\/p>\n\n\n\n<p>En distintos hechos, la instituci\u00f3n perdi\u00f3 maquinaria, televisores y mercader\u00eda.<\/p>\n\n\n\n<h2 class=\"wp-block-heading\">Mayor iluminaci\u00f3n y c\u00e1maras conectadas a la alarma<\/h2>\n\n\n\n<p>Desde la instituci\u00f3n, tanto los padres como los docentes pidieron que se realice el&nbsp;<strong>cierre del cerco&nbsp;<\/strong>y<strong>&nbsp;mayor iluminaci\u00f3n<\/strong>&nbsp;para que se prevenga que vuelvan a ingresar a la escuela.<\/p>\n\n\n\n<p>Una mam\u00e1 advirti\u00f3 que el a\u00f1o pasado con la cooperadora se compraron ventiladores y si siguen robando tambi\u00e9n se perder\u00e1n las mejoras. Tambi\u00e9n se pidi\u00f3 la conexi\u00f3n de las c\u00e1maras de seguridad con la\u00a0<strong>alarma<\/strong>\u00a0para el monitoreo de la Polic\u00eda.<\/p>\n\n\n\n<p>&#8220;Estamos hablando de materiales caros que los chicos los usan para reparar sillas de ruedas para la comunidad. Lo que se hace es muy valioso y los docentes est\u00e1n muy comprometidos. Por eso necesitamos que cierren urgente&#8221;, pidi\u00f3 otro padre de la\u00a0<strong>escuela de Maip\u00fa.<\/strong><\/p>\n\n\n\n<p><strong>Fuente: www.diariouno.com.ar<\/strong><\/p>\n","protected":false},"excerpt":{"rendered":"<p>La comunidad educativa de la\u00a0Escuela T\u00e9cnica Guillermo Villanueva 4-108,\u00a0de\u00a0Maip\u00fa\u00a0volvi\u00f3 a sufrir un\u00a0robo\u00a0este mi\u00e9rcoles y en este caso rompieron el cerco perimetral de alambre y se llevaron dos m\u00e1quinas del taller. En el \u00faltimo tiempo ya padecieron\u00a05 hechos\u00a0de este tipo. El equipo directivo indic\u00f3 que entraron a&nbsp;robar&nbsp;al establecimiento y se llevaron una cortadora de plasma y [&hellip;]<\/p>\n","protected":false},"author":2,"featured_media":13061,"comment_status":"open","ping_status":"open","sticky":false,"template":"","format":"standard","meta":[],"categories":[121],"tags":[],"_links":{"self":[{"href":"https:\/\/pasaenmendoza.com\/index.php?rest_route=\/wp\/v2\/posts\/13060"}],"collection":[{"href":"https:\/\/pasaenmendoza.com\/index.php?rest_route=\/wp\/v2\/posts"}],"about":[{"href":"https:\/\/pasaenmendoza.com\/index.php?rest_route=\/wp\/v2\/types\/post"}],"author":[{"embeddable":true,"href":"https:\/\/pasaenmendoza.com\/index.php?rest_route=\/wp\/v2\/users\/2"}],"replies":[{"embeddable":true,"href":"https:\/\/pasaenmendoza.com\/index.php?rest_route=%2Fwp%2Fv2%2Fcomments&post=13060"}],"version-history":[{"count":1,"href":"https:\/\/pasaenmendoza.com\/index.php?rest_route=\/wp\/v2\/posts\/13060\/revisions"}],"predecessor-version":[{"id":13062,"href":"https:\/\/pasaenmendoza.com\/index.php?rest_route=\/wp\/v2\/posts\/13060\/revisions\/13062"}],"wp:featuredmedia":[{"embeddable":true,"href":"https:\/\/pasaenmendoza.com\/index.php?rest_route=\/wp\/v2\/media\/13061"}],"wp:attachment":[{"href":"https:\/\/pasaenmendoza.com\/index.php?rest_route=%2Fwp%2Fv2%2Fmedia&parent=13060"}],"wp:term":[{"taxonomy":"category","embeddable":true,"href":"https:\/\/pasaenmendoza.com\/index.php?rest_route=%2Fwp%2Fv2%2Fcategories&post=13060"},{"taxonomy":"post_tag","embeddable":true,"href":"https:\/\/pasaenmendoza.com\/index.php?rest_route=%2Fwp%2Fv2%2Ftags&post=13060"}],"curies":[{"name":"wp","href":"https:\/\/api.w.org\/{rel}","templated":true}]}}