{"id":13063,"date":"2025-05-22T00:13:41","date_gmt":"2025-05-21T22:13:41","guid":{"rendered":"https:\/\/pasaenmendoza.com\/?p=13063"},"modified":"2025-05-22T00:13:42","modified_gmt":"2025-05-21T22:13:42","slug":"hebe-casado-se-desafilio-del-pro-y-se-encamina-a-sumarse-a-las-filas-libertarias","status":"publish","type":"post","link":"https:\/\/pasaenmendoza.com\/?p=13063","title":{"rendered":"Hebe Casado se desafili\u00f3 del PRO y se encamina a sumarse a las filas libertarias"},"content":{"rendered":"\n<p>Tal como lo ven\u00eda anunciando en los \u00faltimos d\u00edas, la vicegobernadora<strong>\u00a0Hebe Casado<\/strong>\u00a0avanz\u00f3 con desafiliarse del\u00a0<strong>PRO<\/strong>, partido con el que lleg\u00f3 a la alianza de Cambia Mendoza, y dio el primer paso para sumarse en breve a las filas de\u00a0<strong>La Libertad Avanza<\/strong>.<\/p>\n\n\n\n<p>Como ya hizo su mentora la ministra de Seguridad de la Naci\u00f3n,&nbsp;<strong>Patricia Bullrich,<\/strong>&nbsp;Casado tambi\u00e9n dej\u00f3 las filas del PRO disconforme con el enfrentamiento del partido con las pol\u00edticas que encarna el presidente Javier Milei.<\/p>\n\n\n\n<p>De hecho, tras el\u00a0triunfo de\u00a0<strong>Manuel Adorni<\/strong>\u00a0en las elecciones legislativas de CABA\u00a0que termin\u00f3 duplicando en cantidad de votos a la candidata del<strong>\u00a0PRO<\/strong>, Silvia Lospenatto, la misma Casado sali\u00f3 a enrostrarle a su ex compa\u00f1eros de partido que se equivocaron en enfrentar a Milei y les vaticin\u00f3: &#8220;Dejaron de verla hace rato y por eso se van a transformar con suerte en un partido vecinalista de porte\u00f1olandia&#8221;.<\/p>\n\n\n\n<p>Ahora la vicegobernadora ya dio el portazo y poste\u00f3 que se desafili\u00f3 del partido que comanda&nbsp;<strong>Mauricio Macri<\/strong>.<\/p>\n\n\n\n<figure class=\"wp-block-image\"><img decoding=\"async\" src=\"https:\/\/media.diariouno.com.ar\/p\/5c34a7c2a0d3db870466ea5938fd979f\/adjuntos\/298\/imagenes\/009\/556\/0009556540\/1200x0\/smart\/tuit-hebe-casado-desafiliada-del-projpg.jpg\" alt=\"\" title=\"\"\/><\/figure>\n\n\n\n<h2 class=\"wp-block-heading\">Se pasar\u00e1 a La Libertad Avanza con un acto en Buenos Aires<\/h2>\n\n\n\n<p>Visiblemente distanciada del presidente de&nbsp;<strong>La Libertad Avanza<\/strong>&nbsp;en Mendoza, el diputado nacional&nbsp;<strong>Facundo Correa Llano<\/strong>&nbsp;con quien dice que no se puede comunicar, Casado eligi\u00f3 afiliarse al partido de Javier Milei en territorio porte\u00f1o y luego asentar esa afiliaci\u00f3n en la Secretar\u00eda Electoral mendocina.<\/p>\n\n\n\n<p><strong>Casado\u00a0<\/strong>asegur\u00f3 que en estas tierras le estaban escondiendo la afiliaci\u00f3n y ante esos gestos esquivos decidi\u00f3 hacer el traspaso partidario en la Ciudad de Buenos Aires.<\/p>\n\n\n\n<p>&#8220;La verdad es que me est\u00e1n escondiendo la comunicaci\u00f3n. He intentado comunicarme muchas veces con Facundo (Correa Llano), y la verdad es que me ha esquivado bastante&#8221;, denunci\u00f3 la vicegobernadora.<\/p>\n\n\n\n<p>Esa afiliaci\u00f3n se podr\u00eda dar en las pr\u00f3ximas horas.<\/p>\n\n\n\n<p><strong>Fuente: www.diariouno.com.ar<\/strong><\/p>\n","protected":false},"excerpt":{"rendered":"<p>Tal como lo ven\u00eda anunciando en los \u00faltimos d\u00edas, la vicegobernadora\u00a0Hebe Casado\u00a0avanz\u00f3 con desafiliarse del\u00a0PRO, partido con el que lleg\u00f3 a la alianza de Cambia Mendoza, y dio el primer paso para sumarse en breve a las filas de\u00a0La Libertad Avanza. Como ya hizo su mentora la ministra de Seguridad de la Naci\u00f3n,&nbsp;Patricia Bullrich,&nbsp;Casado tambi\u00e9n [&hellip;]<\/p>\n","protected":false},"author":2,"featured_media":13064,"comment_status":"open","ping_status":"open","sticky":false,"template":"","format":"standard","meta":[],"categories":[47],"tags":[],"_links":{"self":[{"href":"https:\/\/pasaenmendoza.com\/index.php?rest_route=\/wp\/v2\/posts\/13063"}],"collection":[{"href":"https:\/\/pasaenmendoza.com\/index.php?rest_route=\/wp\/v2\/posts"}],"about":[{"href":"https:\/\/pasaenmendoza.com\/index.php?rest_route=\/wp\/v2\/types\/post"}],"author":[{"embeddable":true,"href":"https:\/\/pasaenmendoza.com\/index.php?rest_route=\/wp\/v2\/users\/2"}],"replies":[{"embeddable":true,"href":"https:\/\/pasaenmendoza.com\/index.php?rest_route=%2Fwp%2Fv2%2Fcomments&post=13063"}],"version-history":[{"count":1,"href":"https:\/\/pasaenmendoza.com\/index.php?rest_route=\/wp\/v2\/posts\/13063\/revisions"}],"predecessor-version":[{"id":13065,"href":"https:\/\/pasaenmendoza.com\/index.php?rest_route=\/wp\/v2\/posts\/13063\/revisions\/13065"}],"wp:featuredmedia":[{"embeddable":true,"href":"https:\/\/pasaenmendoza.com\/index.php?rest_route=\/wp\/v2\/media\/13064"}],"wp:attachment":[{"href":"https:\/\/pasaenmendoza.com\/index.php?rest_route=%2Fwp%2Fv2%2Fmedia&parent=13063"}],"wp:term":[{"taxonomy":"category","embeddable":true,"href":"https:\/\/pasaenmendoza.com\/index.php?rest_route=%2Fwp%2Fv2%2Fcategories&post=13063"},{"taxonomy":"post_tag","embeddable":true,"href":"https:\/\/pasaenmendoza.com\/index.php?rest_route=%2Fwp%2Fv2%2Ftags&post=13063"}],"curies":[{"name":"wp","href":"https:\/\/api.w.org\/{rel}","templated":true}]}}