{"id":13069,"date":"2025-05-22T00:22:15","date_gmt":"2025-05-21T22:22:15","guid":{"rendered":"https:\/\/pasaenmendoza.com\/?p=13069"},"modified":"2025-05-22T00:22:16","modified_gmt":"2025-05-21T22:22:16","slug":"unos-200-jovenes-del-sur-de-mendoza-se-inscribieron-para-ser-soldados-voluntarios-del-ejercito","status":"publish","type":"post","link":"https:\/\/pasaenmendoza.com\/?p=13069","title":{"rendered":"Unos 200 j\u00f3venes del Sur de Mendoza se inscribieron para ser soldados voluntarios del Ej\u00e9rcito"},"content":{"rendered":"\n<p>Una buena respuesta encontr\u00f3 en\u00a0<strong>General Alvear\u00a0<\/strong>el\u00a0<strong>Ej\u00e9rcito Argentino<\/strong>\u00a0que busca incorporar a sus filas a\u00a0soldados voluntarios.\u00a0Es que se presentaron cerca de 200 j\u00f3venes no s\u00f3lo del departamento, sino tambi\u00e9n de San Rafael.<\/p>\n\n\n\n<p>La<strong>&nbsp;convocatoria<\/strong>&nbsp;realizada por la fuerza militar fue para personas de ambos sexos, de entre 18 y 24 a\u00f1os de edad.<\/p>\n\n\n\n<p>Los interesados se hicieron presentes en la Direcci\u00f3n de Educaci\u00f3n de\u00a0<strong>General Alvear<\/strong>\u00a0para participar del proceso de inscripci\u00f3n como soldados voluntarios del<strong>\u00a0Ej\u00e9rcito Argentino.<\/strong>\u00a0Se observ\u00f3 gran inter\u00e9s y expectativas entre los aspirantes.<\/p>\n\n\n\n<h2 class=\"wp-block-heading\">Desde Campo de Mayo a General Alvear<\/h2>\n\n\n\n<p>Con el apoyo de la Municipalidad de General Alvear el\u00a0<strong>Ej\u00e9rcito Argentino<\/strong>\u00a0despleg\u00f3 personal desde Campo de Mayo para brindar informaci\u00f3n y acompa\u00f1ar a los postulantes en las etapas iniciales del proceso.<\/p>\n\n\n\n<p>El director de Educaci\u00f3n alvearense,<strong>&nbsp;Jos\u00e9 Mor\u00e1n,<\/strong>&nbsp;explic\u00f3: \u201cDesde tempranas horas, los j\u00f3venes ya estaban esperando en la vereda para iniciar el tr\u00e1mite. Se les explic\u00f3, a trav\u00e9s de un c\u00f3digo QR, c\u00f3mo armar su carpeta personal con toda la documentaci\u00f3n requerida para avanzar en el proceso de selecci\u00f3n\u201d.<\/p>\n\n\n\n<p>&#8220;Adem\u00e1s de la posibilidad de servir a la Patria, ingresar como soldado voluntario permite a los j\u00f3venes acceder a beneficios como obra social, salario mensual y la posibilidad de continuar con estudios o hacer carrera dentro de la instituci\u00f3n\u00a0<strong>militar<\/strong>&#8220;, indic\u00f3 el municipio en un comunicado.<\/p>\n\n\n\n<p>La convocatoria atrajo a j\u00f3venes de la ciudad cabecera y de distritos cercanos como<strong>&nbsp;Real del Padre, Jaime Prats y Villa Atuel,<\/strong>&nbsp;en el departamento de San Rafael.<\/p>\n\n\n\n<p>Uno de los aspirantes, Rom\u00e1n, comparti\u00f3 sus motivaciones: \u201cEs una forma de salir adelante, de terminar los estudios, tener una salida laboral y ayudar a otros tambi\u00e9n\u201d.<\/p>\n\n\n\n<p>Desde la comuna se mostraron optimistas por la respuesta de los j\u00f3venes y se anunci\u00f3 la intenci\u00f3n de continuar promoviendo acciones con el&nbsp;<strong>Ej\u00e9rcito&nbsp;<\/strong>para abrir m\u00e1s puertas al futuro de los j\u00f3venes alvearenses.<\/p>\n\n\n\n<p>Completado el tr\u00e1mite los inscriptos quedaron a la espera de los que le comunique el\u00a0<strong>Ej\u00e9rcito<\/strong>.<\/p>\n\n\n\n<p><strong>Fuente: www.diariouno.com.ar<\/strong><\/p>\n","protected":false},"excerpt":{"rendered":"<p>Una buena respuesta encontr\u00f3 en\u00a0General Alvear\u00a0el\u00a0Ej\u00e9rcito Argentino\u00a0que busca incorporar a sus filas a\u00a0soldados voluntarios.\u00a0Es que se presentaron cerca de 200 j\u00f3venes no s\u00f3lo del departamento, sino tambi\u00e9n de San Rafael. La&nbsp;convocatoria&nbsp;realizada por la fuerza militar fue para personas de ambos sexos, de entre 18 y 24 a\u00f1os de edad. Los interesados se hicieron presentes en [&hellip;]<\/p>\n","protected":false},"author":2,"featured_media":13070,"comment_status":"open","ping_status":"open","sticky":false,"template":"","format":"standard","meta":[],"categories":[50],"tags":[],"_links":{"self":[{"href":"https:\/\/pasaenmendoza.com\/index.php?rest_route=\/wp\/v2\/posts\/13069"}],"collection":[{"href":"https:\/\/pasaenmendoza.com\/index.php?rest_route=\/wp\/v2\/posts"}],"about":[{"href":"https:\/\/pasaenmendoza.com\/index.php?rest_route=\/wp\/v2\/types\/post"}],"author":[{"embeddable":true,"href":"https:\/\/pasaenmendoza.com\/index.php?rest_route=\/wp\/v2\/users\/2"}],"replies":[{"embeddable":true,"href":"https:\/\/pasaenmendoza.com\/index.php?rest_route=%2Fwp%2Fv2%2Fcomments&post=13069"}],"version-history":[{"count":1,"href":"https:\/\/pasaenmendoza.com\/index.php?rest_route=\/wp\/v2\/posts\/13069\/revisions"}],"predecessor-version":[{"id":13071,"href":"https:\/\/pasaenmendoza.com\/index.php?rest_route=\/wp\/v2\/posts\/13069\/revisions\/13071"}],"wp:featuredmedia":[{"embeddable":true,"href":"https:\/\/pasaenmendoza.com\/index.php?rest_route=\/wp\/v2\/media\/13070"}],"wp:attachment":[{"href":"https:\/\/pasaenmendoza.com\/index.php?rest_route=%2Fwp%2Fv2%2Fmedia&parent=13069"}],"wp:term":[{"taxonomy":"category","embeddable":true,"href":"https:\/\/pasaenmendoza.com\/index.php?rest_route=%2Fwp%2Fv2%2Fcategories&post=13069"},{"taxonomy":"post_tag","embeddable":true,"href":"https:\/\/pasaenmendoza.com\/index.php?rest_route=%2Fwp%2Fv2%2Ftags&post=13069"}],"curies":[{"name":"wp","href":"https:\/\/api.w.org\/{rel}","templated":true}]}}