{"id":13078,"date":"2025-05-22T15:48:49","date_gmt":"2025-05-22T13:48:49","guid":{"rendered":"https:\/\/pasaenmendoza.com\/?p=13078"},"modified":"2025-05-22T15:56:15","modified_gmt":"2025-05-22T13:56:15","slug":"investigan-a-un-policia-que-habria-filtrado-datos-para-un-secuestro","status":"publish","type":"post","link":"https:\/\/pasaenmendoza.com\/?p=13078","title":{"rendered":"Investigan a un polic\u00eda que habr\u00eda filtrado datos para un secuestro"},"content":{"rendered":"\n<p>La Inspecci\u00f3n General de Seguridad (IGS) de Mendoza cit\u00f3 a declarar a un auxiliar de la Polic\u00eda provincial por su presunta vinculaci\u00f3n con un hecho de gravedad institucional.&nbsp;<\/p>\n\n\n\n<p>Seg\u00fan se detall\u00f3 en el Bolet\u00edn Oficial, el auxiliar deber\u00e1 presentarse el pr\u00f3ximo&nbsp;<strong>30 de mayo a las 8:00 de la ma\u00f1ana<\/strong>&nbsp;en la sede central de la IGS, ubicada en&nbsp;<strong>avenida San Mart\u00edn 1027 de Ciudad<\/strong>, para prestar declaraci\u00f3n indagatoria en el marco de un sumario administrativo.<\/p>\n\n\n\n<p>La decisi\u00f3n fue formalizada a trav\u00e9s de la&nbsp;<strong>Resoluci\u00f3n N\u00b0 610\/2025<\/strong>, publicada este jueves en el&nbsp;<strong>Bolet\u00edn Oficial<\/strong>, y responde a un expediente que se desprende de una&nbsp;<strong>causa federal por secuestro extorsivo<\/strong>&nbsp;en la que el auxiliar aparece mencionado.<\/p>\n\n\n\n<p>Seg\u00fan los documentos oficiales, la investigaci\u00f3n se origin\u00f3 en un informe preventivo elaborado por la&nbsp;<strong>Divisi\u00f3n de Escuchas Telef\u00f3nicas y Antisecuestros Extorsivos<\/strong>, dependiente del Ministerio P\u00fablico Fiscal de la Naci\u00f3n.&nbsp;<\/p>\n\n\n\n<p>En dicho informe, se menciona que el efectivo habr\u00eda incurrido en la&nbsp;<strong>presunta violaci\u00f3n del art\u00edculo 256 del C\u00f3digo Penal<\/strong>, que sanciona a los funcionarios p\u00fablicos que revelan secretos o informaciones a las que acceden por su funci\u00f3n.<\/p>\n\n\n\n<p>De acuerdo a lo detallado por la IGS,&nbsp;<strong>este auxiliar habr\u00eda entregado informaci\u00f3n privilegiada a terceros ajenos a la fuerza de seguridad a cambio de una compensaci\u00f3n econ\u00f3mica<\/strong>, en al menos cuatro oportunidades ocurridas entre el 2 y el 21 de mayo de 2024. Por el momento,&nbsp;<strong>se desconoce el destino o los fines de dicha informaci\u00f3n<\/strong>.<\/p>\n\n\n\n<p>El Directorio de la IGS resolvi\u00f3 instruir un&nbsp;<strong>sumario administrativo formal<\/strong>&nbsp;contra el auxiliar, y considera que&nbsp;<strong>habr\u00eda infringido diversas disposiciones del r\u00e9gimen disciplinario policial<\/strong>, en particular los art\u00edculos 100 inciso 1, 43 inciso 9 y 44 incisos 1, 3 y 4, en funci\u00f3n del art\u00edculo 8 de la Ley 6722\/99.<\/p>\n\n\n\n<p>Adem\u00e1s, se design\u00f3 como&nbsp;<strong>Instructor Sumariante al Dr. Mario Aguilera<\/strong>, quien ya notific\u00f3 al efectivo sobre la apertura del proceso y los derechos que le asisten. Entre ellos, se le conceden<strong>&nbsp;cinco d\u00edas h\u00e1biles para presentar pruebas de descargo<\/strong>. Tambi\u00e9n se oficiar\u00e1 a la Direcci\u00f3n de Capacitaci\u00f3n y Recursos Humanos para que remita su microlegajo.<\/p>\n\n\n\n<p>El avance de la investigaci\u00f3n determinar\u00e1 si el polic\u00eda ser\u00e1 sancionado administrativamente y si, en paralelo, enfrenta consecuencias penales por su accionar.<\/p>\n\n\n\n<p>Este caso se suma a una serie de actuaciones que la Inspecci\u00f3n General de Seguridad viene impulsando con el objetivo de&nbsp;<strong>garantizar la transparencia y el cumplimiento del deber por parte de las fuerzas policiales de Mendoza<\/strong>.<\/p>\n\n\n\n<p><strong>Fuente: www.mendozapost.com<\/strong><\/p>\n","protected":false},"excerpt":{"rendered":"<p>La Inspecci\u00f3n General de Seguridad (IGS) de Mendoza cit\u00f3 a declarar a un auxiliar de la Polic\u00eda provincial por su presunta vinculaci\u00f3n con un hecho de gravedad institucional.&nbsp; Seg\u00fan se detall\u00f3 en el Bolet\u00edn Oficial, el auxiliar deber\u00e1 presentarse el pr\u00f3ximo&nbsp;30 de mayo a las 8:00 de la ma\u00f1ana&nbsp;en la sede central de la IGS, [&hellip;]<\/p>\n","protected":false},"author":2,"featured_media":13079,"comment_status":"open","ping_status":"open","sticky":false,"template":"","format":"standard","meta":[],"categories":[48],"tags":[],"_links":{"self":[{"href":"https:\/\/pasaenmendoza.com\/index.php?rest_route=\/wp\/v2\/posts\/13078"}],"collection":[{"href":"https:\/\/pasaenmendoza.com\/index.php?rest_route=\/wp\/v2\/posts"}],"about":[{"href":"https:\/\/pasaenmendoza.com\/index.php?rest_route=\/wp\/v2\/types\/post"}],"author":[{"embeddable":true,"href":"https:\/\/pasaenmendoza.com\/index.php?rest_route=\/wp\/v2\/users\/2"}],"replies":[{"embeddable":true,"href":"https:\/\/pasaenmendoza.com\/index.php?rest_route=%2Fwp%2Fv2%2Fcomments&post=13078"}],"version-history":[{"count":2,"href":"https:\/\/pasaenmendoza.com\/index.php?rest_route=\/wp\/v2\/posts\/13078\/revisions"}],"predecessor-version":[{"id":13084,"href":"https:\/\/pasaenmendoza.com\/index.php?rest_route=\/wp\/v2\/posts\/13078\/revisions\/13084"}],"wp:featuredmedia":[{"embeddable":true,"href":"https:\/\/pasaenmendoza.com\/index.php?rest_route=\/wp\/v2\/media\/13079"}],"wp:attachment":[{"href":"https:\/\/pasaenmendoza.com\/index.php?rest_route=%2Fwp%2Fv2%2Fmedia&parent=13078"}],"wp:term":[{"taxonomy":"category","embeddable":true,"href":"https:\/\/pasaenmendoza.com\/index.php?rest_route=%2Fwp%2Fv2%2Fcategories&post=13078"},{"taxonomy":"post_tag","embeddable":true,"href":"https:\/\/pasaenmendoza.com\/index.php?rest_route=%2Fwp%2Fv2%2Ftags&post=13078"}],"curies":[{"name":"wp","href":"https:\/\/api.w.org\/{rel}","templated":true}]}}