{"id":1308,"date":"2023-09-08T16:19:09","date_gmt":"2023-09-08T14:19:09","guid":{"rendered":"https:\/\/pasaenmendoza.com\/?p=1308"},"modified":"2023-09-08T16:19:11","modified_gmt":"2023-09-08T14:19:11","slug":"la-dge-creara-una-escuela-para-jovenes-con-discapacidad-en-lavalle","status":"publish","type":"post","link":"https:\/\/pasaenmendoza.com\/?p=1308","title":{"rendered":"La DGE crear\u00e1 una escuela para j\u00f3venes con discapacidad en Lavalle"},"content":{"rendered":"\n<p>La Direcci\u00f3n General de Escuelas (DGE) crear\u00e1 una escuela de\u00a0<strong>Educaci\u00f3n Integral para Adolescentes y J\u00f3venes\u00a0<\/strong>con\u00a0<strong>Discapacidad\u00a0<\/strong>en Costa de Araujo,\u00a0<strong>Lavalle<\/strong>\u00a0y abrir\u00e1 nuevos cargos para docentes.<\/p>\n\n\n\n<p>Seg\u00fan consta en la Resoluci\u00f3n 6566 que fue publicada en el Bolet\u00edn Oficial este viernes, no exist\u00eda en esa zona una instituci\u00f3n que cubriera las necesidades de ese grupo poblacional.<\/p>\n\n\n\n<p>Mar\u00eda de los \u00c1ngeles Zavaroni, directora de Educaci\u00f3n especial, sostuvo que en la provincia hay 26 escuelas de este tipo, una de las cuales est\u00e1 en el centro de Lavalle, pero los chicos de Costa de Araujo deb\u00edan trasladarse varios kil\u00f3metros para recibir educaci\u00f3n.<\/p>\n\n\n\n<p>\u201c<em>Hace dos a\u00f1os que venimos trabajando para lograr esto y hoy con esta resoluci\u00f3n y en el marco del festejo por el D\u00eda del Maestro, tiene otro significado<\/em>\u201c, se\u00f1al\u00f3 Zavaroni.<\/p>\n\n\n\n<p>La escuela, que llevar\u00e1 el n\u00famero 2-727, funcionar\u00e1 en la escuela<mark>\u00a0N\u00ba 2-043 \u201cDr. Roberto Zaldivar\u201d<\/mark>\u00a0de primaria especial y se pondr\u00e1 en marcha \u201clo antes posible\u201d, una vez que se concluyan otros tr\u00e1mites administrativos, seg\u00fan destac\u00f3 la funcionaria.<\/p>\n\n\n\n<p>Para esto, se designar\u00e1 un presupuesto especial y\u00a0<mark>la aprobaci\u00f3n de cargos necesarios\u00a0<\/mark>para dar apertura al establecimiento, que tendr\u00e1 bonificaci\u00f3n por zona, a determinar por la Comisi\u00f3n Mixta de Zona, de la DGE.<\/p>\n\n\n\n<p><strong>Fuente: www.elsol.com<\/strong><\/p>\n","protected":false},"excerpt":{"rendered":"<p>La Direcci\u00f3n General de Escuelas (DGE) crear\u00e1 una escuela de\u00a0Educaci\u00f3n Integral para Adolescentes y J\u00f3venes\u00a0con\u00a0Discapacidad\u00a0en Costa de Araujo,\u00a0Lavalle\u00a0y abrir\u00e1 nuevos cargos para docentes. Seg\u00fan consta en la Resoluci\u00f3n 6566 que fue publicada en el Bolet\u00edn Oficial este viernes, no exist\u00eda en esa zona una instituci\u00f3n que cubriera las necesidades de ese grupo poblacional. Mar\u00eda de [&hellip;]<\/p>\n","protected":false},"author":2,"featured_media":1309,"comment_status":"open","ping_status":"open","sticky":false,"template":"","format":"standard","meta":[],"categories":[56],"tags":[],"_links":{"self":[{"href":"https:\/\/pasaenmendoza.com\/index.php?rest_route=\/wp\/v2\/posts\/1308"}],"collection":[{"href":"https:\/\/pasaenmendoza.com\/index.php?rest_route=\/wp\/v2\/posts"}],"about":[{"href":"https:\/\/pasaenmendoza.com\/index.php?rest_route=\/wp\/v2\/types\/post"}],"author":[{"embeddable":true,"href":"https:\/\/pasaenmendoza.com\/index.php?rest_route=\/wp\/v2\/users\/2"}],"replies":[{"embeddable":true,"href":"https:\/\/pasaenmendoza.com\/index.php?rest_route=%2Fwp%2Fv2%2Fcomments&post=1308"}],"version-history":[{"count":1,"href":"https:\/\/pasaenmendoza.com\/index.php?rest_route=\/wp\/v2\/posts\/1308\/revisions"}],"predecessor-version":[{"id":1310,"href":"https:\/\/pasaenmendoza.com\/index.php?rest_route=\/wp\/v2\/posts\/1308\/revisions\/1310"}],"wp:featuredmedia":[{"embeddable":true,"href":"https:\/\/pasaenmendoza.com\/index.php?rest_route=\/wp\/v2\/media\/1309"}],"wp:attachment":[{"href":"https:\/\/pasaenmendoza.com\/index.php?rest_route=%2Fwp%2Fv2%2Fmedia&parent=1308"}],"wp:term":[{"taxonomy":"category","embeddable":true,"href":"https:\/\/pasaenmendoza.com\/index.php?rest_route=%2Fwp%2Fv2%2Fcategories&post=1308"},{"taxonomy":"post_tag","embeddable":true,"href":"https:\/\/pasaenmendoza.com\/index.php?rest_route=%2Fwp%2Fv2%2Ftags&post=1308"}],"curies":[{"name":"wp","href":"https:\/\/api.w.org\/{rel}","templated":true}]}}