{"id":13088,"date":"2025-05-22T23:18:57","date_gmt":"2025-05-22T21:18:57","guid":{"rendered":"https:\/\/pasaenmendoza.com\/?p=13088"},"modified":"2025-05-22T23:18:58","modified_gmt":"2025-05-22T21:18:58","slug":"cumbre-en-la-previa-del-congreso-partidario-emir-felix-convoco-a-intendentes-y-al-kirchnerismo","status":"publish","type":"post","link":"https:\/\/pasaenmendoza.com\/?p=13088","title":{"rendered":"Cumbre en la previa del congreso partidario: Emir F\u00e9lix convoc\u00f3 a intendentes y al kirchnerismo"},"content":{"rendered":"\n<p>Un acercamiento antes del d\u00eda D. As\u00ed podr\u00eda titularse la convocatoria que\u00a0<strong>Emir F\u00e9lix<\/strong>, presidente del\u00a0<strong>Partido Justicialista<\/strong>, hizo para este jueves por la tarde a todos los sectores del\u00a0<strong>peronismo<\/strong>, incluido el kirchnerismo.<\/p>\n\n\n\n<p>El d\u00eda D es el 31 de mayo, fecha prevista para el congreso partidario que, no solo definir\u00e1 el m\u00e9todo de selecci\u00f3n de candidatos para las&nbsp;<strong>elecciones<\/strong>&nbsp;de este a\u00f1o, sino que tambi\u00e9n marcar\u00e1 si hay unidad o ruptura.<\/p>\n\n\n\n<p>Anticipando esas definiciones y en busca de aunar fuerzas es que finalmente se juntar\u00e1n convocados por F\u00e9lix, intendentes, legisladores nacionales, autoridades legislativas provinciales, gremios y el\u00a0<strong>kirchnerismo<\/strong>, aunque sin su cabeza, la senadora nacional\u00a0<strong>Anabel Fern\u00e1ndez Sagasti<\/strong>.<\/p>\n\n\n\n<h2 class=\"wp-block-heading\">Se junta el peronismo: \u00bfhabr\u00e1 acuerdo?<\/h2>\n\n\n\n<p>Lleg\u00f3 la convocatoria.&nbsp;<strong>Anabel Fern\u00e1ndez Sagasti<\/strong>&nbsp;reclamaba a&nbsp;<strong>Emir F\u00e9lix<\/strong>&nbsp;la falta de comunicaci\u00f3n desde su asunci\u00f3n como presidente del&nbsp;<strong>PJ<\/strong>.<\/p>\n\n\n\n<p>Tras esos pedidos p\u00fablicos, finalmente la convocatoria se dio, aunque para un d\u00eda en el que Sagasti no podr\u00e1 estar presente por sus tareas en Buenos Aires. De todas maneras, el\u00a0<strong>kirchnerismo<\/strong>\u00a0participar\u00e1 para hacer sus planteos.<\/p>\n\n\n\n<p>Las diferencias son marcadas y ya se han hecho p\u00fablicas. Uno de los puntos principales que se\u00f1ala Sagasti es la necesidad de que los\u00a0<strong>municipios peronistas<\/strong>\u00a0(Maip\u00fa, San Rafael, Malarg\u00fce, La Paz, Santa Rosa, Tunuy\u00e1n y Lavalle) no desdoblen las elecciones legislativas.<\/p>\n\n\n\n<p>Si eso no se resuelve, dif\u00edcilmente haya acuerdo; y es por ello que en la Justicia Electoral ya tramita el pedido de readquisici\u00f3n de la personer\u00eda jur\u00eddica de&nbsp;<strong>Unidad Popular<\/strong>, el sello con el que el sector de&nbsp;<strong>Fern\u00e1ndez Sagasti<\/strong>&nbsp;se presentar\u00eda a elecciones por fuera del&nbsp;<strong>PJ<\/strong>.<\/p>\n\n\n\n<p><strong>Emir F\u00e9lix<\/strong>, en tanto, reclama una interna partidaria para definir candidaturas y es ese el objetivo \u00fanico del\u00a0<strong>congreso partidario<\/strong>\u00a0convocado para el s\u00e1bado 31. La intenci\u00f3n, ahora, es llegar a esa cumbre\u00a0<strong>peronista<\/strong>\u00a0con algunas diferencias resueltas.<\/p>\n\n\n\n<p><strong>Fuente: www.diariouno.com.ar<\/strong><\/p>\n","protected":false},"excerpt":{"rendered":"<p>Un acercamiento antes del d\u00eda D. As\u00ed podr\u00eda titularse la convocatoria que\u00a0Emir F\u00e9lix, presidente del\u00a0Partido Justicialista, hizo para este jueves por la tarde a todos los sectores del\u00a0peronismo, incluido el kirchnerismo. El d\u00eda D es el 31 de mayo, fecha prevista para el congreso partidario que, no solo definir\u00e1 el m\u00e9todo de selecci\u00f3n de candidatos [&hellip;]<\/p>\n","protected":false},"author":2,"featured_media":13089,"comment_status":"open","ping_status":"open","sticky":false,"template":"","format":"standard","meta":[],"categories":[47],"tags":[],"_links":{"self":[{"href":"https:\/\/pasaenmendoza.com\/index.php?rest_route=\/wp\/v2\/posts\/13088"}],"collection":[{"href":"https:\/\/pasaenmendoza.com\/index.php?rest_route=\/wp\/v2\/posts"}],"about":[{"href":"https:\/\/pasaenmendoza.com\/index.php?rest_route=\/wp\/v2\/types\/post"}],"author":[{"embeddable":true,"href":"https:\/\/pasaenmendoza.com\/index.php?rest_route=\/wp\/v2\/users\/2"}],"replies":[{"embeddable":true,"href":"https:\/\/pasaenmendoza.com\/index.php?rest_route=%2Fwp%2Fv2%2Fcomments&post=13088"}],"version-history":[{"count":1,"href":"https:\/\/pasaenmendoza.com\/index.php?rest_route=\/wp\/v2\/posts\/13088\/revisions"}],"predecessor-version":[{"id":13090,"href":"https:\/\/pasaenmendoza.com\/index.php?rest_route=\/wp\/v2\/posts\/13088\/revisions\/13090"}],"wp:featuredmedia":[{"embeddable":true,"href":"https:\/\/pasaenmendoza.com\/index.php?rest_route=\/wp\/v2\/media\/13089"}],"wp:attachment":[{"href":"https:\/\/pasaenmendoza.com\/index.php?rest_route=%2Fwp%2Fv2%2Fmedia&parent=13088"}],"wp:term":[{"taxonomy":"category","embeddable":true,"href":"https:\/\/pasaenmendoza.com\/index.php?rest_route=%2Fwp%2Fv2%2Fcategories&post=13088"},{"taxonomy":"post_tag","embeddable":true,"href":"https:\/\/pasaenmendoza.com\/index.php?rest_route=%2Fwp%2Fv2%2Ftags&post=13088"}],"curies":[{"name":"wp","href":"https:\/\/api.w.org\/{rel}","templated":true}]}}