{"id":13094,"date":"2025-05-22T23:30:37","date_gmt":"2025-05-22T21:30:37","guid":{"rendered":"https:\/\/pasaenmendoza.com\/?p=13094"},"modified":"2025-05-22T23:30:38","modified_gmt":"2025-05-22T21:30:38","slug":"marcos-calvente-prometio-la-eliminacion-de-101-tributos-y-construir-en-guaymallen-costara-0-pesos","status":"publish","type":"post","link":"https:\/\/pasaenmendoza.com\/?p=13094","title":{"rendered":"Marcos Calvente prometi\u00f3 la eliminaci\u00f3n de 101 tributos y construir en Guaymall\u00e9n costar\u00e1 &#8220;0 pesos&#8221;"},"content":{"rendered":"\n<p>El intendente de\u00a0<strong>Guaymall\u00e9n<\/strong>,\u00a0<strong>Marcos Calvente<\/strong>, present\u00f3 un proyecto de ordenanza para eliminar 101 tributos en su municipio. El cambio de estructura tarifaria busca \u201cfacilitar la relaci\u00f3n con el vecino y generar inversiones\u201d.<\/p>\n\n\n\n<p><strong>Calvente<\/strong>\u00a0anticip\u00f3 que, con la aprobaci\u00f3n de la\u00a0<strong>reforma tributaria<\/strong>\u00a0municipal se eliminar\u00e1n 101 tasas, aforos y derechos que, por diferentes motivos, hoy deben pagar los vecinos.<\/p>\n\n\n\n<p>Entre los principales, figura la quita del derecho de\u00a0<strong>construcci\u00f3n<\/strong>: \u201cAhora, construir en\u00a0<strong>Guaymall\u00e9n<\/strong>\u00a0va a salir cero pesos\u201d. De esa manera, se transformar\u00e1 en el \u00fanico departamento con costo cero.<\/p>\n\n\n\n<p>Otra de las medidas implica el costo cero de las&nbsp;<strong>habilitaciones comerciales<\/strong>.<\/p>\n\n\n\n<h2 class=\"wp-block-heading\">C\u00f3mo se financiar\u00e1 Guaymall\u00e9n con $450 millones menos<\/h2>\n\n\n\n<p>Eso es lo que se recaud\u00f3 el a\u00f1o pasado gracias al cobro de los 101&nbsp;<strong>tributos<\/strong>&nbsp;que ahora se busca eliminar.<\/p>\n\n\n\n<p>Seg\u00fan declar\u00f3 el intendente&nbsp;<strong>Marcos Calvente<\/strong>,&nbsp;<strong>Guaymall\u00e9n<\/strong>&nbsp;tiene ahorros suficientes para compensar esa p\u00e9rdida que, dada la inflaci\u00f3n, se espera que sea m\u00e1s abultada.<\/p>\n\n\n\n<h2 class=\"wp-block-heading\">La relaci\u00f3n de Marcos Calvente con su antecesor, Marcelino Iglesias<\/h2>\n\n\n\n<p>\u201cNo creo que Marcelino se sienta traicionado por m\u00ed\u201d, asegur\u00f3\u00a0<strong>Calvente<\/strong>.<\/p>\n\n\n\n<p>El actual intendente remarc\u00f3 que\u00a0<strong>Iglesias<\/strong>, de quien fue funcionario, no le ha expresado descontento ni enojo, a pesar de que la interna radical se conoce a viva voz en el interior del departamento.<\/p>\n\n\n\n<p>Calvente justific\u00f3 el cambio del logo de&nbsp;<strong>Guaymall\u00e9n<\/strong>&nbsp;y del equipo de gesti\u00f3n \u2013por el que salieron eyectados funcionarios que respond\u00edan a Iglesias- y asegur\u00f3 que \u201chubo continuidad de las pol\u00edticas p\u00fablicas\u201d que ven\u00edan de la gesti\u00f3n anterior.<\/p>\n\n\n\n<p>Sobre la relaci\u00f3n con el Gobierno provincial, asegur\u00f3 que hay mucha coordinaci\u00f3n y que se vienen m\u00e1s anuncios en conjunto, adem\u00e1s de la\u00a0<strong>obra del Acceso Este<\/strong>.<\/p>\n\n\n\n<p>\u201cNo soy el elegido de Cornejo para sucederlo\u201d, cree&nbsp;<strong>Calvente<\/strong>.<\/p>\n\n\n\n<h2 class=\"wp-block-heading\">Marcos Calvente sobre el concejal ebrio<\/h2>\n\n\n\n<p>\u201cNo me pidi\u00f3 perd\u00f3n ni creo que deba hacerlo\u201d, expres\u00f3 el intendente de\u00a0<strong>Guaymall\u00e9n<\/strong>\u00a0sobre el concejal\u00a0<strong>Miqueas Burgoa<\/strong>, multado por manejar ebrio en General Alvear.<\/p>\n\n\n\n<p>Calvente asegur\u00f3 que no les pidi\u00f3 a los concejales que le responden que busquen la expulsi\u00f3n de&nbsp;<strong>Burgoa<\/strong>&nbsp;del Concejo: \u201cNo voy a meterme en esa discusi\u00f3n. Es una decisi\u00f3n personal de cada uno de los concejales\u201d.<\/p>\n\n\n\n<p>\u201cS\u00ed hablo con los concejales del bloque pero sobre qu\u00e9 ordenanzas de pol\u00edticas p\u00fablicas se pueden impulsar\u201d, agreg\u00f3\u00a0<strong>Marcos Calvente<\/strong>.<\/p>\n\n\n\n<p><strong>Fuente: www.diariouno.com.ar<\/strong><\/p>\n","protected":false},"excerpt":{"rendered":"<p>El intendente de\u00a0Guaymall\u00e9n,\u00a0Marcos Calvente, present\u00f3 un proyecto de ordenanza para eliminar 101 tributos en su municipio. El cambio de estructura tarifaria busca \u201cfacilitar la relaci\u00f3n con el vecino y generar inversiones\u201d. Calvente\u00a0anticip\u00f3 que, con la aprobaci\u00f3n de la\u00a0reforma tributaria\u00a0municipal se eliminar\u00e1n 101 tasas, aforos y derechos que, por diferentes motivos, hoy deben pagar los vecinos. [&hellip;]<\/p>\n","protected":false},"author":2,"featured_media":13095,"comment_status":"open","ping_status":"open","sticky":false,"template":"","format":"standard","meta":[],"categories":[47],"tags":[],"_links":{"self":[{"href":"https:\/\/pasaenmendoza.com\/index.php?rest_route=\/wp\/v2\/posts\/13094"}],"collection":[{"href":"https:\/\/pasaenmendoza.com\/index.php?rest_route=\/wp\/v2\/posts"}],"about":[{"href":"https:\/\/pasaenmendoza.com\/index.php?rest_route=\/wp\/v2\/types\/post"}],"author":[{"embeddable":true,"href":"https:\/\/pasaenmendoza.com\/index.php?rest_route=\/wp\/v2\/users\/2"}],"replies":[{"embeddable":true,"href":"https:\/\/pasaenmendoza.com\/index.php?rest_route=%2Fwp%2Fv2%2Fcomments&post=13094"}],"version-history":[{"count":1,"href":"https:\/\/pasaenmendoza.com\/index.php?rest_route=\/wp\/v2\/posts\/13094\/revisions"}],"predecessor-version":[{"id":13096,"href":"https:\/\/pasaenmendoza.com\/index.php?rest_route=\/wp\/v2\/posts\/13094\/revisions\/13096"}],"wp:featuredmedia":[{"embeddable":true,"href":"https:\/\/pasaenmendoza.com\/index.php?rest_route=\/wp\/v2\/media\/13095"}],"wp:attachment":[{"href":"https:\/\/pasaenmendoza.com\/index.php?rest_route=%2Fwp%2Fv2%2Fmedia&parent=13094"}],"wp:term":[{"taxonomy":"category","embeddable":true,"href":"https:\/\/pasaenmendoza.com\/index.php?rest_route=%2Fwp%2Fv2%2Fcategories&post=13094"},{"taxonomy":"post_tag","embeddable":true,"href":"https:\/\/pasaenmendoza.com\/index.php?rest_route=%2Fwp%2Fv2%2Ftags&post=13094"}],"curies":[{"name":"wp","href":"https:\/\/api.w.org\/{rel}","templated":true}]}}