{"id":13100,"date":"2025-05-23T16:59:51","date_gmt":"2025-05-23T14:59:51","guid":{"rendered":"https:\/\/pasaenmendoza.com\/?p=13100"},"modified":"2025-05-23T17:00:28","modified_gmt":"2025-05-23T15:00:28","slug":"un-peaton-fue-atropellado-por-un-colectivo-en-pleno-centro","status":"publish","type":"post","link":"https:\/\/pasaenmendoza.com\/?p=13100","title":{"rendered":"Un peat\u00f3n fue atropellado por un colectivo en pleno centro"},"content":{"rendered":"\n<p>Un hombre, aparentemente en situaci\u00f3n de calle, fue embestido este viernes por la ma\u00f1ana por un colectivo de la l\u00ednea 400 en la transitada intersecci\u00f3n de Rioja y C\u00f3rdoba, de Ciudad.<\/p>\n\n\n\n<p>De acuerdo con las primeras informaciones,&nbsp;<strong>la v\u00edctima sufri\u00f3 un golpe en la cabeza<\/strong>&nbsp;y fue asistida de urgencia por el Servicio de Emergencias Coordinado. Por la situaci\u00f3n, hubo complicaciones en el tr\u00e1nsito, ya que la arteria qued\u00f3 intransitable.<\/p>\n\n\n\n<h2 class=\"wp-block-heading\" id=\"h-detalles-del-accidente\">Detalles del accidente<\/h2>\n\n\n\n<p>Seg\u00fan los primeros reportes, un hombre, cuya identidad a\u00fan no ha sido confirmada pero que aparentemente se encontraba en&nbsp;<strong>situaci\u00f3n de calle<\/strong>, fue atropellado por una unidad de la l\u00ednea 400.<\/p>\n\n\n\n<p>El impacto le provoc\u00f3 un fuerte golpe en la cabeza, generando preocupaci\u00f3n por su estado de salud, aunque permanece estable.<\/p>\n\n\n\n<p>El accidente gener\u00f3 un significativo&nbsp;<strong>caos vehicular<\/strong>&nbsp;en la zona c\u00e9ntrica, una de las m\u00e1s transitadas a esa hora de la ma\u00f1ana.<\/p>\n\n\n\n<p>Efectivos policiales y de tr\u00e1nsito trabajan para ordenar la circulaci\u00f3n y desviar a los veh\u00edculos, mientras se realizaban las pericias correspondientes en el lugar del hecho.<\/p>\n\n\n\n<p><strong>Fuente: www.elsol.com.ar<\/strong><\/p>\n","protected":false},"excerpt":{"rendered":"<p>Un hombre, aparentemente en situaci\u00f3n de calle, fue embestido este viernes por la ma\u00f1ana por un colectivo de la l\u00ednea 400 en la transitada intersecci\u00f3n de Rioja y C\u00f3rdoba, de Ciudad. De acuerdo con las primeras informaciones,&nbsp;la v\u00edctima sufri\u00f3 un golpe en la cabeza&nbsp;y fue asistida de urgencia por el Servicio de Emergencias Coordinado. Por [&hellip;]<\/p>\n","protected":false},"author":2,"featured_media":13101,"comment_status":"open","ping_status":"open","sticky":false,"template":"","format":"standard","meta":[],"categories":[48],"tags":[],"_links":{"self":[{"href":"https:\/\/pasaenmendoza.com\/index.php?rest_route=\/wp\/v2\/posts\/13100"}],"collection":[{"href":"https:\/\/pasaenmendoza.com\/index.php?rest_route=\/wp\/v2\/posts"}],"about":[{"href":"https:\/\/pasaenmendoza.com\/index.php?rest_route=\/wp\/v2\/types\/post"}],"author":[{"embeddable":true,"href":"https:\/\/pasaenmendoza.com\/index.php?rest_route=\/wp\/v2\/users\/2"}],"replies":[{"embeddable":true,"href":"https:\/\/pasaenmendoza.com\/index.php?rest_route=%2Fwp%2Fv2%2Fcomments&post=13100"}],"version-history":[{"count":2,"href":"https:\/\/pasaenmendoza.com\/index.php?rest_route=\/wp\/v2\/posts\/13100\/revisions"}],"predecessor-version":[{"id":13103,"href":"https:\/\/pasaenmendoza.com\/index.php?rest_route=\/wp\/v2\/posts\/13100\/revisions\/13103"}],"wp:featuredmedia":[{"embeddable":true,"href":"https:\/\/pasaenmendoza.com\/index.php?rest_route=\/wp\/v2\/media\/13101"}],"wp:attachment":[{"href":"https:\/\/pasaenmendoza.com\/index.php?rest_route=%2Fwp%2Fv2%2Fmedia&parent=13100"}],"wp:term":[{"taxonomy":"category","embeddable":true,"href":"https:\/\/pasaenmendoza.com\/index.php?rest_route=%2Fwp%2Fv2%2Fcategories&post=13100"},{"taxonomy":"post_tag","embeddable":true,"href":"https:\/\/pasaenmendoza.com\/index.php?rest_route=%2Fwp%2Fv2%2Ftags&post=13100"}],"curies":[{"name":"wp","href":"https:\/\/api.w.org\/{rel}","templated":true}]}}