{"id":13104,"date":"2025-05-23T17:04:00","date_gmt":"2025-05-23T15:04:00","guid":{"rendered":"https:\/\/pasaenmendoza.com\/?p=13104"},"modified":"2025-05-23T17:04:01","modified_gmt":"2025-05-23T15:04:01","slug":"cuatro-heridos-luego-de-un-tiroteo-en-las-heras-un-joven-quedo-grave-tras-recibir-tres-balazos-en-la-cabeza","status":"publish","type":"post","link":"https:\/\/pasaenmendoza.com\/?p=13104","title":{"rendered":"Cuatro heridos luego de un tiroteo en Las Heras: un joven qued\u00f3 grave tras recibir tres balazos en la cabeza"},"content":{"rendered":"\n<p>Durante la tarde de este jueves,&nbsp;<strong>cuatro hombres quedaron con heridas de bala&nbsp;<\/strong>luego de un feroz&nbsp;<strong>tiroteo&nbsp;<\/strong>en el barrio Santa Teresita de Las Heras. Un joven de 20 a\u00f1os, identificado como&nbsp;<strong>Mirco Delson<\/strong>, qued\u00f3 en estado cr\u00edtico tras recibir tres balazos en su cabeza. Dos personas que est\u00e1n sindicadas como sospechosos, pasaron en una moto y empezaron a dispararle a los j\u00f3venes.<\/p>\n\n\n\n<p>El hecho ocurri\u00f3 en calle Libertad de dicho departamento, en un fuerte enfrentamiento entre tres j\u00f3venes y dos que pasaron en una moto que portaban las\u00a0<strong>armas de fuego y est\u00e1n se\u00f1alados como sospechosos por el hecho.<\/strong>\u00a0Fuentes policiales manifestaron que el conflicto tiene como origen \u201cla bronca\u201d por una mujer que tiene una relaci\u00f3n cercana con los tres heridos. De hecho, uno de los motociclistas que dispar\u00f3 ser\u00eda pareja de esta mujer.<\/p>\n\n\n\n<p>El tiroteo dej\u00f3 heridos de gravedad a Mirco Delson y otros dos j\u00f3venes identificados como Pablo Galdame de 22 a\u00f1os y otro llamado Carlos Barr\u00f3n, de 38 a\u00f1os. Otro hombre que no ten\u00eda nada que ver con el asunto recibi\u00f3 un balazo y tambi\u00e9n qued\u00f3 con heridas, siendo la cuarta v\u00edctima en la escena.<\/p>\n\n\n\n<p>Quien se llev\u00f3 la peor parte fue&nbsp;<strong>Mirco<\/strong>, quien recibi\u00f3&nbsp;<strong>tres disparos en el cr\u00e1neo<\/strong>&nbsp;y lucha por su vida. Por su parte, Galdame tiene un balazo en el hombro y Barron uno en sus&nbsp;<strong>genitales<\/strong>.<\/p>\n\n\n\n<p>Los j\u00f3venes fueron trasladados al hospital Carrillo de forma particular, seg\u00fan indicaron fuentes policiales.<\/p>\n\n\n\n<p><strong>Fuente: www.elsol.com.ar<\/strong><\/p>\n","protected":false},"excerpt":{"rendered":"<p>Durante la tarde de este jueves,&nbsp;cuatro hombres quedaron con heridas de bala&nbsp;luego de un feroz&nbsp;tiroteo&nbsp;en el barrio Santa Teresita de Las Heras. Un joven de 20 a\u00f1os, identificado como&nbsp;Mirco Delson, qued\u00f3 en estado cr\u00edtico tras recibir tres balazos en su cabeza. Dos personas que est\u00e1n sindicadas como sospechosos, pasaron en una moto y empezaron a [&hellip;]<\/p>\n","protected":false},"author":2,"featured_media":13105,"comment_status":"open","ping_status":"open","sticky":false,"template":"","format":"standard","meta":[],"categories":[48],"tags":[],"_links":{"self":[{"href":"https:\/\/pasaenmendoza.com\/index.php?rest_route=\/wp\/v2\/posts\/13104"}],"collection":[{"href":"https:\/\/pasaenmendoza.com\/index.php?rest_route=\/wp\/v2\/posts"}],"about":[{"href":"https:\/\/pasaenmendoza.com\/index.php?rest_route=\/wp\/v2\/types\/post"}],"author":[{"embeddable":true,"href":"https:\/\/pasaenmendoza.com\/index.php?rest_route=\/wp\/v2\/users\/2"}],"replies":[{"embeddable":true,"href":"https:\/\/pasaenmendoza.com\/index.php?rest_route=%2Fwp%2Fv2%2Fcomments&post=13104"}],"version-history":[{"count":1,"href":"https:\/\/pasaenmendoza.com\/index.php?rest_route=\/wp\/v2\/posts\/13104\/revisions"}],"predecessor-version":[{"id":13106,"href":"https:\/\/pasaenmendoza.com\/index.php?rest_route=\/wp\/v2\/posts\/13104\/revisions\/13106"}],"wp:featuredmedia":[{"embeddable":true,"href":"https:\/\/pasaenmendoza.com\/index.php?rest_route=\/wp\/v2\/media\/13105"}],"wp:attachment":[{"href":"https:\/\/pasaenmendoza.com\/index.php?rest_route=%2Fwp%2Fv2%2Fmedia&parent=13104"}],"wp:term":[{"taxonomy":"category","embeddable":true,"href":"https:\/\/pasaenmendoza.com\/index.php?rest_route=%2Fwp%2Fv2%2Fcategories&post=13104"},{"taxonomy":"post_tag","embeddable":true,"href":"https:\/\/pasaenmendoza.com\/index.php?rest_route=%2Fwp%2Fv2%2Ftags&post=13104"}],"curies":[{"name":"wp","href":"https:\/\/api.w.org\/{rel}","templated":true}]}}