{"id":13107,"date":"2025-05-23T17:16:58","date_gmt":"2025-05-23T15:16:58","guid":{"rendered":"https:\/\/pasaenmendoza.com\/?p=13107"},"modified":"2025-05-23T17:16:59","modified_gmt":"2025-05-23T15:16:59","slug":"el-rey-de-la-salada-en-mendoza-feria-vinedos-y-un-sueno-incompleto","status":"publish","type":"post","link":"https:\/\/pasaenmendoza.com\/?p=13107","title":{"rendered":"El rey de La Salada en Mendoza: feria, vi\u00f1edos y un &#8220;sue\u00f1o&#8221; incompleto"},"content":{"rendered":"\n<p><strong>Jorge Castillo<\/strong>, conocido como &#8220;<strong>El Rey de La Salada<\/strong>&#8220;, fue detenido durante la madrugada de este jueves en su mansi\u00f3n del barrio Open Door, en el partido de Luj\u00e1n, provincia de Buenos Aires.<\/p>\n\n\n\n<p>Est\u00e1 acusado de liderar una red de&nbsp;<strong>lavado de dinero y evasi\u00f3n fiscal<\/strong>, con m\u00e1s de 89 sociedades y 160 personas involucradas. No es la primera vez que lo detienen, y su historia<strong>&nbsp;guarda un estrecho v\u00ednculo<\/strong>&nbsp;con nuestra provincia.<\/p>\n\n\n\n<p>Empresario pol\u00e9mico, Castillo es una figura central de La Salada, la tradicional feria bonaerense nacida en la d\u00e9cada del &#8217;90, dedicada a la venta masiva de productos a precios bajos, donde se destaca la comercializaci\u00f3n de indumentaria falsificada.\u00a0<\/p>\n\n\n\n<p>Su modelo se replic\u00f3 en distintas regiones del pa\u00eds, incluida\u00a0<strong>Mendoza<\/strong>, con la versi\u00f3n local de\u00a0<strong>&#8220;La Saladita&#8221; en Santa Rosa<\/strong>, cuyo manejo del estacionamiento fue una de las tantas irregularidades que llev\u00f3 al entonces intendente Sergio Salgado a la c\u00e1rcel. En ese departamento Castillo tambi\u00e9n tiene proyectos inconclusos. &#8220;Me van a tener que hacer una estatua&#8221;,\u00a0dijo a\u00f1os atr\u00e1s, convencido de que sus iniciativas pod\u00edan dinamizar el consumo y generar empleo en el este provincial.\u00a0<\/p>\n\n\n\n<p><strong>Un reinado con ra\u00edces en Bowen<\/strong><\/p>\n\n\n\n<p>El v\u00ednculo de Jorge Castillo con Mendoza tiene ra\u00edces familiares.\u00a0<strong>Su padre naci\u00f3 en Bowen, General Alvear,<\/strong>\u00a0donde la familia lleg\u00f3 a tener varias hect\u00e1reas de vi\u00f1as. Esa conexi\u00f3n con la vitivinicultura despert\u00f3 en \u00e9l el deseos de continuar con la tradici\u00f3n, por lo que tiempo despu\u00e9s adquiri\u00f3 tierras en\u00a0<strong>Santa Rosa.<\/strong><\/p>\n\n\n\n<p>Sin embargo, su v\u00ednculo con Mendoza se efectiviz\u00f3 a trav\u00e9s del comercio. En&nbsp;<strong>septiembre de 2013<\/strong>, Castillo inaugur\u00f3 en Santa Rosa&nbsp;<strong>&#8220;La Salada&#8221;<\/strong>, un polo comercial que revolucion\u00f3 el consumo local, convoc\u00f3 a miles de personas y que, a\u00fan hoy, contin\u00faa funcionando con normalidad.<\/p>\n\n\n\n<p>La apertura incluy\u00f3 m\u00e1s de 200 puestos de ropa y calzado a precios bajos, sorteos, shows musicales y un desfile protagonizado por figuras del espect\u00e1culo nacional como M\u00f3nica Farro y Marixa Balli. Seg\u00fan archivos del momento, asistieron cerca de 30 mil personas. En aquel entonces,\u00a0<strong>Castillo aseguraba que Santa Rosa se convertir\u00eda en una gran ciudad comercial.<\/strong><\/p>\n\n\n\n<p>A\u00f1os m\u00e1s tarde, en 2020, mientras cumpl\u00eda prisi\u00f3n domiciliaria por su primera detenci\u00f3n en 2017,&nbsp;<a href=\"https:\/\/www.memo.com.ar\/runrunes\/los-nuevos-planes-de-jorge-castillo-el-rey-de-la-salada-para-mendoza\/\" target=\"_blank\" rel=\"noreferrer noopener\">brind\u00f3 una entrevista<\/a>&nbsp;en la que proyectaba nuevas iniciativas para la zona. Su plan consist\u00eda en&nbsp;<strong>instalar un mercado frutihort\u00edcola y un frigor\u00edfico<\/strong>&nbsp;&#8220;para potenciar la producci\u00f3n agr\u00edcola y ganadera en el&nbsp;<strong>Este mendocino<\/strong>&#8220;, con la idea de&nbsp;<strong>replicar el modelo de la feria de Guaymall\u00e9n<\/strong>, a pocos metros de la ya instalada Saladita.<\/p>\n\n\n\n<p>En este contexto y retomando aquellas declaraciones,\u00a0<strong>fuentes de la Municipalidad de Santa Rosa<\/strong>\u00a0aseguraron este jueves al\u00a0<em><strong>Post<\/strong><\/em>\u00a0que\u00a0<strong>ese proyecto nunca avanz\u00f3.<\/strong>\u00a0Aunque se discuti\u00f3 en su momento, hoy no hay nada concreto ni en carpeta.\u00a0<\/p>\n\n\n\n<p>Tras la reciente detenci\u00f3n de Castillo en Buenos Aires, desde el municipio tambi\u00e9n confirmaron que&nbsp;<strong>La Saladita mendocina sigue funcionando con normalidad<\/strong>. &#8220;Abre los&nbsp;<strong>s\u00e1bados<\/strong>&nbsp;durante todo el d\u00eda,&nbsp;<strong>desde<\/strong>&nbsp;<strong>las<\/strong>&nbsp;<strong>23 del viernes<\/strong>&#8220;, detallaron. Y fueron tajantes sobre el impacto de la causa judicial: &#8220;No afecta el funcionamiento de la feria porque tiene gente encargada ac\u00e1.<strong>&nbsp;Castillo casi nunca viene&#8221;.<\/strong><\/p>\n\n\n\n<p><strong>Castillo y la justicia<\/strong><\/p>\n\n\n\n<p>Actualmente, Jorge Castillo est\u00e1 acusado de liderar una red de lavado de dinero y evasi\u00f3n fiscal, en la que estar\u00edan involucradas m\u00e1s de 89 sociedades y 160 personas. La causa, iniciada en 2023 por infracci\u00f3n a la Ley de Marcas, contrabando y lavado de activos, deriv\u00f3 en 60 allanamientos simult\u00e1neos ordenados por el juez Luis Armella y la fiscal Cecilia Incardona. Durante los operativos, realizados por la Polic\u00eda Federal en distintos puntos del pa\u00eds, se incautaron documentos, mercader\u00eda y una importante suma de dinero en efectivo.<\/p>\n\n\n\n<p>No es la primera vez que Castillo enfrenta a la Justicia. En 2017 ya hab\u00eda sido detenido en una causa similar, en la que incluso lleg\u00f3 a disparar contra la polic\u00eda durante un allanamiento. Fue procesado en 2019 por evasi\u00f3n y lavado por unos 350 millones de pesos, y en 2024 esa causa fue elevada a juicio. Si bien cumpl\u00eda prisi\u00f3n domiciliaria, la gravedad de las nuevas acusaciones motiv\u00f3 su reciente detenci\u00f3n en su casa del barrio Open Door, en Luj\u00e1n.<\/p>\n\n\n\n<p>Aunque hace tiempo est\u00e1 bajo la lupa judicial, el modelo de feria de compra-venta masiva que representa, con La Salada bonaerense como \u00edcono, no solo sigue en pie, sino que contin\u00faa expandi\u00e9ndose y revolucionando el consumo popular. Su impacto no pasa desapercibido: en 2024, el gobierno de Estados Unidos\u00a0la calific\u00f3\u00a0como &#8220;uno de los mayores mercados al aire libre de comercio irregular en Latinoam\u00e9rica&#8221;, no sin antes acusar e incluir a la Argentina entre los pa\u00edses con &#8220;menor control sobre la propiedad intelectual&#8221;.<\/p>\n\n\n\n<p><strong>Fuente: www.mendozapost.com<\/strong><\/p>\n","protected":false},"excerpt":{"rendered":"<p>Jorge Castillo, conocido como &#8220;El Rey de La Salada&#8220;, fue detenido durante la madrugada de este jueves en su mansi\u00f3n del barrio Open Door, en el partido de Luj\u00e1n, provincia de Buenos Aires. Est\u00e1 acusado de liderar una red de&nbsp;lavado de dinero y evasi\u00f3n fiscal, con m\u00e1s de 89 sociedades y 160 personas involucradas. No [&hellip;]<\/p>\n","protected":false},"author":2,"featured_media":13108,"comment_status":"open","ping_status":"open","sticky":false,"template":"","format":"standard","meta":[],"categories":[50],"tags":[],"_links":{"self":[{"href":"https:\/\/pasaenmendoza.com\/index.php?rest_route=\/wp\/v2\/posts\/13107"}],"collection":[{"href":"https:\/\/pasaenmendoza.com\/index.php?rest_route=\/wp\/v2\/posts"}],"about":[{"href":"https:\/\/pasaenmendoza.com\/index.php?rest_route=\/wp\/v2\/types\/post"}],"author":[{"embeddable":true,"href":"https:\/\/pasaenmendoza.com\/index.php?rest_route=\/wp\/v2\/users\/2"}],"replies":[{"embeddable":true,"href":"https:\/\/pasaenmendoza.com\/index.php?rest_route=%2Fwp%2Fv2%2Fcomments&post=13107"}],"version-history":[{"count":1,"href":"https:\/\/pasaenmendoza.com\/index.php?rest_route=\/wp\/v2\/posts\/13107\/revisions"}],"predecessor-version":[{"id":13109,"href":"https:\/\/pasaenmendoza.com\/index.php?rest_route=\/wp\/v2\/posts\/13107\/revisions\/13109"}],"wp:featuredmedia":[{"embeddable":true,"href":"https:\/\/pasaenmendoza.com\/index.php?rest_route=\/wp\/v2\/media\/13108"}],"wp:attachment":[{"href":"https:\/\/pasaenmendoza.com\/index.php?rest_route=%2Fwp%2Fv2%2Fmedia&parent=13107"}],"wp:term":[{"taxonomy":"category","embeddable":true,"href":"https:\/\/pasaenmendoza.com\/index.php?rest_route=%2Fwp%2Fv2%2Fcategories&post=13107"},{"taxonomy":"post_tag","embeddable":true,"href":"https:\/\/pasaenmendoza.com\/index.php?rest_route=%2Fwp%2Fv2%2Ftags&post=13107"}],"curies":[{"name":"wp","href":"https:\/\/api.w.org\/{rel}","templated":true}]}}