{"id":1311,"date":"2023-09-08T17:28:50","date_gmt":"2023-09-08T15:28:50","guid":{"rendered":"https:\/\/pasaenmendoza.com\/?p=1311"},"modified":"2023-09-08T17:28:51","modified_gmt":"2023-09-08T15:28:51","slug":"el-ipv-debera-devolverle-la-casa-a-una-pareja-por-desadjudicarla-arbitrariamente","status":"publish","type":"post","link":"https:\/\/pasaenmendoza.com\/?p=1311","title":{"rendered":"El IPV deber\u00e1 devolverle la casa a una pareja por desadjudicarla arbitrariamente"},"content":{"rendered":"\n<p>Iv\u00e1n y Jimena recibieron la noticia en mayo de\u00a0<strong>2019<\/strong>:\u00a0<strong>el\u00a0<a rel=\"noreferrer noopener\" href=\"https:\/\/www.diariouno.com.ar\/politica\/suarez-lanzo-el-programa-ipv-mi-casa-destinado-mas-2100-familias-toda-la-provincia-n1207730\" target=\"_blank\">IPV<\/a>\u00a0hab\u00eda decidido desajudicarles la vivienda<\/strong>. Esa resoluci\u00f3n fue atacada con fuertes argumentos y despu\u00e9s de m\u00e1s de cuatro a\u00f1os de reclamos, el gobernador Rodolfo Suarez defini\u00f3 que la pareja ten\u00eda raz\u00f3n y\u00a0<strong>el Instituto Provincial de la Vivienda deber\u00e1 devolverle la casa\u00a0<\/strong>por haber tomado una decisi\u00f3n arbitraria.<\/p>\n\n\n\n<p>En el decreto N\u00ba 1801 publicado en el Bolet\u00edn Oficial, el Ministerio de Planificaci\u00f3n de\u00a0<strong>Mario Isgro<\/strong>\u00a0relata c\u00f3mo se sucedieron los actos.<\/p>\n\n\n\n<h2 class=\"wp-block-heading\">Una casa alquilada y una deuda de 4 a\u00f1os<\/h2>\n\n\n\n<p>El&nbsp;<strong>IPV comenz\u00f3 la investigaci\u00f3n en 2018<\/strong>&nbsp;cuando mediante una denuncia tom\u00f3 conocimiento de que en una vivienda del Instituto, en el barrio Productores Mendocinos de Luj\u00e1n,&nbsp;<strong>estaba siendo alquilada desde el 2016 y adem\u00e1s registraba una deuda de 4 a\u00f1os<\/strong>.<\/p>\n\n\n\n<p>Lo que se supo luego fue que\u00a0<strong>la se\u00f1ora Jimena Olgu\u00edn estaba atravesando una delicada situaci\u00f3n de enfermedad<\/strong>, lo que pon\u00eda a la pareja en una situaci\u00f3n de\u00a0<strong>vulnerabilidad\u00a0<\/strong>extrema por la que incluso\u00a0<strong>en 2017 hab\u00edan pedido ayuda al propio IPV\u00a0<\/strong>mediante una nota.<\/p>\n\n\n\n<h2 class=\"wp-block-heading\">El IPV les tendr\u00e1 que devolver su casa<\/h2>\n\n\n\n<p>Despu\u00e9s de meses de investigaci\u00f3n,<strong>&nbsp;el IPV resolvi\u00f3 desadjudicarle la casa<\/strong>&nbsp;a esta pareja que hab\u00eda sido denunciada por alquilar la vivienda y deber cuatro a\u00f1os de cuota.<\/p>\n\n\n\n<p>Dijeron desde el Instituto que se realizaron &#8220;<strong>diversos emplazamientos a los adjudicatarios que nunca fueron contestados<\/strong>, por lo que se publicaron edictos para que regularicen la ocupaci\u00f3n y la mora&#8221;.<\/p>\n\n\n\n<p>Como pas\u00f3 el plazo y los titulares no contestaron,&nbsp;<strong>procedi\u00f3 a desadjudicar<\/strong>.<\/p>\n\n\n\n<p>Tres meses despu\u00e9s, los extitulares se presentaron manifestando &#8220;una<strong>&nbsp;situaci\u00f3n excepcional de salud de la se\u00f1ora Olgu\u00edn<\/strong>&#8220;.<\/p>\n\n\n\n<p>Adem\u00e1s, argumentaron que las notificaciones ten\u00edan vicio de forma, que estaban atravesando una &#8220;situaci\u00f3n de extrema vulnerabilidad&#8221; e incorporaron como hecho nuevo que&nbsp;<strong>la mujer deb\u00eda realizarse una nueva intervenci\u00f3n quir\u00fargica<\/strong>.<\/p>\n\n\n\n<p>Sobre ello,&nbsp;<strong>el IPV estim\u00f3 que la enfermedad hab\u00eda sido utilizada para justificar los hechos<\/strong>&nbsp;y que no exist\u00eda &#8220;en autos prueba alguna de la situaci\u00f3n de vulnerabilidad planteada&#8221;.<\/p>\n\n\n\n<p>Sin embargo,&nbsp;<strong>result\u00f3 ser que la pareja hab\u00eda presentado &#8220;certificados m\u00e9dicos, copia de historia cl\u00ednica&#8221; y hasta una nota<\/strong>&nbsp;que present\u00f3 en el mismo IPV en el que la familia manifestaba los problemas que los afectaban y les ped\u00eda expresamente ayuda.&nbsp;<strong>Esa nota era del 2017<\/strong>, es decir un a\u00f1o antes al inicio de la investigaci\u00f3n.<\/p>\n\n\n\n<p>Lo que manifestaron los asesores legales del Ministerio de Planificaci\u00f3n al analizar el caso fue que el IPV no fundament\u00f3 suficientemente esa negativa que dio a la condici\u00f3n de vulnerabilidad y que podr\u00eda haber solicitado, si era insuficiente, la ampliaci\u00f3n de la prueba.<\/p>\n\n\n\n<p>De haberlo hecho se hubieran topado con, por ejemplo, el &#8220;<strong>contrato de locaci\u00f3n con el que se prob\u00f3 la situaci\u00f3n temporal de necesidad de cambio de domicilio<\/strong>&nbsp;y el gasto en la nueva vivienda&#8221;, en raz\u00f3n de la enfermedad de la mujer.<\/p>\n\n\n\n<p>Los extitulares expresaron tambi\u00e9n su<strong>&nbsp;voluntad de pago de la deuda<\/strong>, pero no pudieron concretarlo porque al acercarse hasta el IPV para conocer la situaci\u00f3n se encontraron con que la desadjudicaci\u00f3n ya estaba resuelta.<\/p>\n\n\n\n<p>Al analizar todas estas pruebas en el recurso de alzada,\u00a0<strong>el gobernador Rodolfo Suarez defini\u00f3 hacer lugar al mismo y ordenarle al IPV que dicte un acto administrativo que se ajuste a derecho.<\/strong><\/p>\n\n\n\n<p><strong>Fuente: www.diariouno.com.ar<\/strong><\/p>\n","protected":false},"excerpt":{"rendered":"<p>Iv\u00e1n y Jimena recibieron la noticia en mayo de\u00a02019:\u00a0el\u00a0IPV\u00a0hab\u00eda decidido desajudicarles la vivienda. Esa resoluci\u00f3n fue atacada con fuertes argumentos y despu\u00e9s de m\u00e1s de cuatro a\u00f1os de reclamos, el gobernador Rodolfo Suarez defini\u00f3 que la pareja ten\u00eda raz\u00f3n y\u00a0el Instituto Provincial de la Vivienda deber\u00e1 devolverle la casa\u00a0por haber tomado una decisi\u00f3n arbitraria. En [&hellip;]<\/p>\n","protected":false},"author":2,"featured_media":1312,"comment_status":"open","ping_status":"open","sticky":false,"template":"","format":"standard","meta":[],"categories":[50],"tags":[],"_links":{"self":[{"href":"https:\/\/pasaenmendoza.com\/index.php?rest_route=\/wp\/v2\/posts\/1311"}],"collection":[{"href":"https:\/\/pasaenmendoza.com\/index.php?rest_route=\/wp\/v2\/posts"}],"about":[{"href":"https:\/\/pasaenmendoza.com\/index.php?rest_route=\/wp\/v2\/types\/post"}],"author":[{"embeddable":true,"href":"https:\/\/pasaenmendoza.com\/index.php?rest_route=\/wp\/v2\/users\/2"}],"replies":[{"embeddable":true,"href":"https:\/\/pasaenmendoza.com\/index.php?rest_route=%2Fwp%2Fv2%2Fcomments&post=1311"}],"version-history":[{"count":1,"href":"https:\/\/pasaenmendoza.com\/index.php?rest_route=\/wp\/v2\/posts\/1311\/revisions"}],"predecessor-version":[{"id":1313,"href":"https:\/\/pasaenmendoza.com\/index.php?rest_route=\/wp\/v2\/posts\/1311\/revisions\/1313"}],"wp:featuredmedia":[{"embeddable":true,"href":"https:\/\/pasaenmendoza.com\/index.php?rest_route=\/wp\/v2\/media\/1312"}],"wp:attachment":[{"href":"https:\/\/pasaenmendoza.com\/index.php?rest_route=%2Fwp%2Fv2%2Fmedia&parent=1311"}],"wp:term":[{"taxonomy":"category","embeddable":true,"href":"https:\/\/pasaenmendoza.com\/index.php?rest_route=%2Fwp%2Fv2%2Fcategories&post=1311"},{"taxonomy":"post_tag","embeddable":true,"href":"https:\/\/pasaenmendoza.com\/index.php?rest_route=%2Fwp%2Fv2%2Ftags&post=1311"}],"curies":[{"name":"wp","href":"https:\/\/api.w.org\/{rel}","templated":true}]}}