{"id":13115,"date":"2025-05-24T01:02:26","date_gmt":"2025-05-23T23:02:26","guid":{"rendered":"https:\/\/pasaenmendoza.com\/?p=13115"},"modified":"2025-05-24T01:02:27","modified_gmt":"2025-05-23T23:02:27","slug":"general-alvear-desplego-la-bandera-mas-grande-del-pais-sobre-los-techos-de-sus-avenidas","status":"publish","type":"post","link":"https:\/\/pasaenmendoza.com\/?p=13115","title":{"rendered":"General Alvear despleg\u00f3 la bandera m\u00e1s grande del pa\u00eds sobre los techos de sus avenidas"},"content":{"rendered":"\n<p>La Municipalidad de<strong>\u00a0General Alvear<\/strong>\u00a0rindi\u00f3 homenaje a la bandera argentina, desplegando sobre la avenida Alvear Oeste, arteria central del departamento, un estandarte de proporciones in\u00e9ditas. Lo mismo ocurri\u00f3 en Bowen, donde tambi\u00e9n se coloc\u00f3 una r\u00e9plica de iguales caracter\u00edsticas.<\/p>\n\n\n\n<p>Ambas fueron confeccionadas por las mujeres que integran el taller de costura del Centro Integrador Comunitario (CIC). La bandera, considerada la m\u00e1s grande del pa\u00eds en su tipo -instalada sobre los techos de avenidas- es el resultado de la gesti\u00f3n de la comuna, liderada por Alejandro Molero, y el esfuerzo silencioso pero determinante de mujeres que convirtieron el trabajo textil en una ofrenda patri\u00f3tica.<\/p>\n\n\n\n<p>En total, se utilizaron m\u00e1s de<strong>\u00a02.100 metros lineales de tela\u00a0<\/strong>y se realizaron entre 7.000 y 8.000 metros de costuras, para una bandera de 700 metros por 7 metros de ancho, seg\u00fan estimaciones de Alicia Morales, responsable del taller del CIC.<\/p>\n\n\n\n<h2 class=\"wp-block-heading\">La bandera argentina m\u00e1s grande del pa\u00eds sobre una avenida<\/h2>\n\n\n\n<p>\u201cElaborar estas banderas no fue f\u00e1cil. Fue un desaf\u00edo enorme, pero lo asumimos con entusiasmo. Lo m\u00e1s dif\u00edcil fue armar el equipo humano.<strong>&nbsp;Necesitaba mujeres con trayectoria<\/strong>, compromiso y sentido de comunidad. Me tom\u00f3 m\u00e1s de diez d\u00edas pensarlo, identificar qui\u00e9nes pod\u00edan sostener este trabajo de horas intensas, codo a codo\u201d, explic\u00f3 Morales.<\/p>\n\n\n\n<p>La confecci\u00f3n y el montaje se hicieron en<strong>\u00a0tiempo r\u00e9cord.<\/strong><\/p>\n\n\n\n<p>El momento simb\u00f3lico de la colocaci\u00f3n ocurri\u00f3 en la madrugada del viernes 23 de mayo.<\/p>\n\n\n\n<p>Un operativo coordinado por la Secretar\u00eda de Obras y Servicios P\u00fablicos, bajo el control de Emiliano Barbero, el director de Obras \u00c1ngel Mart\u00ednez; el director de Defensa Civil, Javier Velasco; el coordinador de Gabinete, Juan Tieppo, y la propia Mu\u00f1oz, logr\u00f3 instalar las estructuras sin inconvenientes. Todo supervisado por el propio intendente Alejandro Molero.<\/p>\n\n\n\n<h2 class=\"wp-block-heading\">Homenaje a la bandera en General Alvear<\/h2>\n\n\n\n<p>General Alvear no s\u00f3lo celebr\u00f3 una fecha patria. Reivindic\u00f3 en la pr\u00e1ctica valores esenciales como el trabajo colectivo, la planificaci\u00f3n interinstitucional y el orgullo local.<\/p>\n\n\n\n<p>La dimensi\u00f3n del gesto trasciende la est\u00e9tica. Lo que se ha construido es un s\u00edmbolo visible desde cualquier punto del centro alvearense, pero sobre todo desde el interior de quienes participaron: costureras, operarios, funcionarios y vecinos. Todos aportaron para que esta iniciativa no solo sea visible, sino tambi\u00e9n memorable.<\/p>\n\n\n\n<p>La bandera ya flamea, no en un m\u00e1stil, sino que se integra a la ciudad, en las avenidas de General Alvear para este pr\u00f3ximo\u00a0<strong>25 de Mayo.<\/strong><\/p>\n\n\n\n<p><strong>Fuente: www.diariouno.com.ar<\/strong><\/p>\n","protected":false},"excerpt":{"rendered":"<p>La Municipalidad de\u00a0General Alvear\u00a0rindi\u00f3 homenaje a la bandera argentina, desplegando sobre la avenida Alvear Oeste, arteria central del departamento, un estandarte de proporciones in\u00e9ditas. Lo mismo ocurri\u00f3 en Bowen, donde tambi\u00e9n se coloc\u00f3 una r\u00e9plica de iguales caracter\u00edsticas. Ambas fueron confeccionadas por las mujeres que integran el taller de costura del Centro Integrador Comunitario (CIC). [&hellip;]<\/p>\n","protected":false},"author":2,"featured_media":13116,"comment_status":"open","ping_status":"open","sticky":false,"template":"","format":"standard","meta":[],"categories":[50],"tags":[],"_links":{"self":[{"href":"https:\/\/pasaenmendoza.com\/index.php?rest_route=\/wp\/v2\/posts\/13115"}],"collection":[{"href":"https:\/\/pasaenmendoza.com\/index.php?rest_route=\/wp\/v2\/posts"}],"about":[{"href":"https:\/\/pasaenmendoza.com\/index.php?rest_route=\/wp\/v2\/types\/post"}],"author":[{"embeddable":true,"href":"https:\/\/pasaenmendoza.com\/index.php?rest_route=\/wp\/v2\/users\/2"}],"replies":[{"embeddable":true,"href":"https:\/\/pasaenmendoza.com\/index.php?rest_route=%2Fwp%2Fv2%2Fcomments&post=13115"}],"version-history":[{"count":1,"href":"https:\/\/pasaenmendoza.com\/index.php?rest_route=\/wp\/v2\/posts\/13115\/revisions"}],"predecessor-version":[{"id":13117,"href":"https:\/\/pasaenmendoza.com\/index.php?rest_route=\/wp\/v2\/posts\/13115\/revisions\/13117"}],"wp:featuredmedia":[{"embeddable":true,"href":"https:\/\/pasaenmendoza.com\/index.php?rest_route=\/wp\/v2\/media\/13116"}],"wp:attachment":[{"href":"https:\/\/pasaenmendoza.com\/index.php?rest_route=%2Fwp%2Fv2%2Fmedia&parent=13115"}],"wp:term":[{"taxonomy":"category","embeddable":true,"href":"https:\/\/pasaenmendoza.com\/index.php?rest_route=%2Fwp%2Fv2%2Fcategories&post=13115"},{"taxonomy":"post_tag","embeddable":true,"href":"https:\/\/pasaenmendoza.com\/index.php?rest_route=%2Fwp%2Fv2%2Ftags&post=13115"}],"curies":[{"name":"wp","href":"https:\/\/api.w.org\/{rel}","templated":true}]}}