{"id":13118,"date":"2025-05-24T01:07:19","date_gmt":"2025-05-23T23:07:19","guid":{"rendered":"https:\/\/pasaenmendoza.com\/?p=13118"},"modified":"2025-05-24T01:07:20","modified_gmt":"2025-05-23T23:07:20","slug":"natalio-mema-cruzo-con-dureza-a-omar-felix-por-el-proyecto-de-autonomia-municipal-en-san-rafael","status":"publish","type":"post","link":"https:\/\/pasaenmendoza.com\/?p=13118","title":{"rendered":"Natalio Mema cruz\u00f3 con dureza a Omar F\u00e9lix por el proyecto de autonom\u00eda municipal en San Rafael"},"content":{"rendered":"\n<p>El ministro de Gobierno, Infraestructura y Desarrollo Territorial,<strong>&nbsp;Natalio Mema,<\/strong>&nbsp;cruz\u00f3 con dureza al intendente de San Rafael,&nbsp;<strong>Omar F\u00e9li<\/strong>x, luego de que anunciara el env\u00edo de un proyecto al<strong>&nbsp;Concejo Deliberante&nbsp;<\/strong>para declarar la autonom\u00eda municipal y avanzar en la redacci\u00f3n de una&nbsp;<strong>Carta Org\u00e1nica municipal.<\/strong><\/p>\n\n\n\n<p>El funcionario acus\u00f3 al jefe comunal de utilizar el reclamo institucional como un instrumento pol\u00edtico con fines recaudatorios, en plena antesala del a\u00f1o electoral.<\/p>\n\n\n\n<p><em>\u201cLo que quiere F\u00e9lix es un Estado m\u00e1s grande, m\u00e1s ineficiente, y para eso se autoproclama la facultad de crear tributos, elevando as\u00ed la carga tributaria<\/em>\u201d, sentenci\u00f3 Mema.<\/p>\n\n\n\n<p>Para el ministro, el proyecto presentado esta semana ante el Concejo Deliberante de San Rafael no responde a una necesidad jur\u00eddica ni institucional real, sino a una estrategia para \u201c<em>seducir al electorado kirchnerista<\/em>\u201d con un mensaje de \u201c<em>autonom\u00eda mal entendida\u201d.<\/em><\/p>\n\n\n\n<p>El eje de la cr\u00edtica del ministro apunta al uso del art\u00edculo 123 de la Constituci\u00f3n Nacional, que desde la reforma de 1994 establece que&nbsp;<em>\u201ccada provincia dictar\u00e1 su propia constituci\u00f3n asegurando la autonom\u00eda municipa<\/em>l\u201d.<\/p>\n\n\n\n<p><strong>Mema remarc\u00f3 que este art\u00edculo es claro al poner en manos de las provincias, y no de los municipios, la responsabilidad de establecer esa garant\u00eda<\/strong>.\u00a0<em>\u201cDeber\u00edan ir con un proyecto de ley a la Legislatura, o incluso impulsar una reforma constitucional, si quieren realmente respetar la Constituci\u00f3n<\/em>\u201d, afirm\u00f3.<\/p>\n\n\n\n<p>Para el ministro, F\u00e9lix est\u00e1 forzando una interpretaci\u00f3n jur\u00eddica para avanzar por v\u00eda municipal con un proyecto que, en realidad, deber\u00eda discutirse a nivel provincial. En ese sentido, Mema enfatiz\u00f3 que \u201c<em>en Mendoza, en los hechos, los municipios no tienen ning\u00fan l\u00edmite a su autodeterminaci\u00f3n ni a fijar las reglas de su territorio, m\u00e1s all\u00e1 del \u00e1mbito tributario<\/em>\u201d. De ah\u00ed que, para el Gobierno, la intenci\u00f3n del intendente de San Rafael es clara: habilitar la posibilidad de crear nuevos tributos.<\/p>\n\n\n\n<p><em>\u201cTodo el proyecto gira en torno a eso. La jurisprudencia que citan est\u00e1 enfocada en la potestad tributaria. No hay otro objetivo detr\u00e1s de esta supuesta autonom\u00eda que imponer m\u00e1s impuestos. Eso es un posicionamiento pol\u00edtico en contra de lo que viene llevando adelante el Gobierno Provincial y al que se sum\u00f3 el actual Gobierno Nacional: buscar un Estado eficiente que alivie la carga fiscal, no que la aumente\u201d<\/em>, puntualiz\u00f3 el ministro.<\/p>\n\n\n\n<p>Mema tambi\u00e9n cuestion\u00f3 lo que calific\u00f3 como una \u201c<em>maniobra discursiva confusa\u201d,<\/em>\u00a0al mezclar argumentos hist\u00f3ricos, sociales y geogr\u00e1ficos con fallos judiciales sobre la posibilidad de establecer tributos locales. \u201c<em>Apelan a un chauvinismo de escasa monta, para encarecerle la vida al vecino sanrafaelino bajo la supuesta idea de independencia que, en realidad, ya tienen<\/em>\u201d, afirm\u00f3.<\/p>\n\n\n\n<p>Desde el municipio de San Rafael, en tanto, sostienen que la autonom\u00eda no es una concesi\u00f3n de la Provincia sino un derecho constitucional preexistente, y que la Constituci\u00f3n mendocina, si bien no la reconoce, tampoco la proh\u00edbe.<\/p>\n\n\n\n<p>Con base en eso, el proyecto contempla la elecci\u00f3n de 24 convencionales municipales que deber\u00e1n redactar una Carta Org\u00e1nica, la cual incluir\u00eda principios de control democr\u00e1tico, mecanismos de participaci\u00f3n ciudadana y la posibilidad de reformar la estructura institucional local, como incorporar la figura del viceintendente o reorganizar distritos.<\/p>\n\n\n\n<p>Pero para Mema, esa agenda institucional es solo una fachada.\u00a0<em>\u201cDe avanzar con ese proyecto, tipo panfleto, ser\u00e1 para luego imponer tributos. Eso es lo \u00fanico distintivo que tiene\u201d<\/em>, insisti\u00f3.<\/p>\n\n\n\n<p><strong>Fuente: www.elsol.com.ar<\/strong><\/p>\n","protected":false},"excerpt":{"rendered":"<p>El ministro de Gobierno, Infraestructura y Desarrollo Territorial,&nbsp;Natalio Mema,&nbsp;cruz\u00f3 con dureza al intendente de San Rafael,&nbsp;Omar F\u00e9lix, luego de que anunciara el env\u00edo de un proyecto al&nbsp;Concejo Deliberante&nbsp;para declarar la autonom\u00eda municipal y avanzar en la redacci\u00f3n de una&nbsp;Carta Org\u00e1nica municipal. El funcionario acus\u00f3 al jefe comunal de utilizar el reclamo institucional como un instrumento [&hellip;]<\/p>\n","protected":false},"author":2,"featured_media":13119,"comment_status":"open","ping_status":"open","sticky":false,"template":"","format":"standard","meta":[],"categories":[47],"tags":[],"_links":{"self":[{"href":"https:\/\/pasaenmendoza.com\/index.php?rest_route=\/wp\/v2\/posts\/13118"}],"collection":[{"href":"https:\/\/pasaenmendoza.com\/index.php?rest_route=\/wp\/v2\/posts"}],"about":[{"href":"https:\/\/pasaenmendoza.com\/index.php?rest_route=\/wp\/v2\/types\/post"}],"author":[{"embeddable":true,"href":"https:\/\/pasaenmendoza.com\/index.php?rest_route=\/wp\/v2\/users\/2"}],"replies":[{"embeddable":true,"href":"https:\/\/pasaenmendoza.com\/index.php?rest_route=%2Fwp%2Fv2%2Fcomments&post=13118"}],"version-history":[{"count":1,"href":"https:\/\/pasaenmendoza.com\/index.php?rest_route=\/wp\/v2\/posts\/13118\/revisions"}],"predecessor-version":[{"id":13120,"href":"https:\/\/pasaenmendoza.com\/index.php?rest_route=\/wp\/v2\/posts\/13118\/revisions\/13120"}],"wp:featuredmedia":[{"embeddable":true,"href":"https:\/\/pasaenmendoza.com\/index.php?rest_route=\/wp\/v2\/media\/13119"}],"wp:attachment":[{"href":"https:\/\/pasaenmendoza.com\/index.php?rest_route=%2Fwp%2Fv2%2Fmedia&parent=13118"}],"wp:term":[{"taxonomy":"category","embeddable":true,"href":"https:\/\/pasaenmendoza.com\/index.php?rest_route=%2Fwp%2Fv2%2Fcategories&post=13118"},{"taxonomy":"post_tag","embeddable":true,"href":"https:\/\/pasaenmendoza.com\/index.php?rest_route=%2Fwp%2Fv2%2Ftags&post=13118"}],"curies":[{"name":"wp","href":"https:\/\/api.w.org\/{rel}","templated":true}]}}