{"id":13124,"date":"2025-05-26T15:27:22","date_gmt":"2025-05-26T13:27:22","guid":{"rendered":"https:\/\/pasaenmendoza.com\/?p=13124"},"modified":"2025-05-26T15:27:23","modified_gmt":"2025-05-26T13:27:23","slug":"previo-al-ingreso-de-la-ola-polar-hay-probabilidad-de-lluvias-en-mendoza","status":"publish","type":"post","link":"https:\/\/pasaenmendoza.com\/?p=13124","title":{"rendered":"Previo al ingreso de la ola polar, hay probabilidad de lluvias en Mendoza"},"content":{"rendered":"\n<p>En la antesala al&nbsp;<strong>ingreso de la ola polar,<\/strong>&nbsp;el<strong>&nbsp;lunes&nbsp;<\/strong>arranca en&nbsp;<strong>Mendoza<\/strong>&nbsp;con \u201cnubosidad variable, poco cambio de la temperatura y&nbsp;<strong>precipitaciones aisladas hacia la noche,&nbsp;<\/strong>vientos leves del sector sur\u201d.&nbsp;<strong>La m\u00ednima ser\u00e1 de 8 grados y la m\u00e1xima llegar\u00e1 a los 20.<\/strong><\/p>\n\n\n\n<p>Adem\u00e1s. el Servicio Meteorol\u00f3gico Nacional (SMN) emiti\u00f3 un<strong>\u00a0alerta por nevadas<\/strong>\u00a0en todo el sector cordillerano.<\/p>\n\n\n\n<p>Para el\u00a0<strong>martes<\/strong>, el SMN indica el ingreso de una ola polar continental que se extender\u00e1 hasta el jueves inclusive, con m\u00ednimas y m\u00e1ximas muy por debajo de las temperaturas de la \u00e9poca.<\/p>\n\n\n\n<p>\u201cCielo mayormente nublado, fr\u00edo y ventoso con descenso de la temperatura, vientos moderados del sector sur. Lluvias y lloviznas\u201d, es lo que pronostica la Direcci\u00f3n de Contingencias Clim\u00e1ticas.\u00a0<strong>La m\u00ednima ser\u00e1 de 0 grados y la m\u00e1xima de 8.<\/strong><\/p>\n\n\n\n<p>El&nbsp;<strong>mi\u00e9rcoles<\/strong>&nbsp;estar\u00e1 con \u201cNubosidad en disminuci\u00f3n y frio con leve ascenso de la temperatura, heladas parciales\u201d.&nbsp;<strong>La m\u00ednima ser\u00e1 de 2 grados y la m\u00e1xima de 13.<\/strong><\/p>\n\n\n\n<p>En tanto, el<strong>\u00a0jueves<\/strong>\u00a0estar\u00e1 con poca nubosidad con ascenso de la temperatura y heladas parciales.\u00a0<strong>La m\u00ednima ser\u00e1 de 1 grados y la m\u00e1xima de 15<\/strong>.<\/p>\n\n\n\n<p><strong>Fuente: www.elsol.com.ar<\/strong><\/p>\n","protected":false},"excerpt":{"rendered":"<p>En la antesala al&nbsp;ingreso de la ola polar,&nbsp;el&nbsp;lunes&nbsp;arranca en&nbsp;Mendoza&nbsp;con \u201cnubosidad variable, poco cambio de la temperatura y&nbsp;precipitaciones aisladas hacia la noche,&nbsp;vientos leves del sector sur\u201d.&nbsp;La m\u00ednima ser\u00e1 de 8 grados y la m\u00e1xima llegar\u00e1 a los 20. Adem\u00e1s. el Servicio Meteorol\u00f3gico Nacional (SMN) emiti\u00f3 un\u00a0alerta por nevadas\u00a0en todo el sector cordillerano. Para el\u00a0martes, el SMN [&hellip;]<\/p>\n","protected":false},"author":2,"featured_media":13125,"comment_status":"open","ping_status":"open","sticky":false,"template":"","format":"standard","meta":[],"categories":[52],"tags":[],"_links":{"self":[{"href":"https:\/\/pasaenmendoza.com\/index.php?rest_route=\/wp\/v2\/posts\/13124"}],"collection":[{"href":"https:\/\/pasaenmendoza.com\/index.php?rest_route=\/wp\/v2\/posts"}],"about":[{"href":"https:\/\/pasaenmendoza.com\/index.php?rest_route=\/wp\/v2\/types\/post"}],"author":[{"embeddable":true,"href":"https:\/\/pasaenmendoza.com\/index.php?rest_route=\/wp\/v2\/users\/2"}],"replies":[{"embeddable":true,"href":"https:\/\/pasaenmendoza.com\/index.php?rest_route=%2Fwp%2Fv2%2Fcomments&post=13124"}],"version-history":[{"count":1,"href":"https:\/\/pasaenmendoza.com\/index.php?rest_route=\/wp\/v2\/posts\/13124\/revisions"}],"predecessor-version":[{"id":13126,"href":"https:\/\/pasaenmendoza.com\/index.php?rest_route=\/wp\/v2\/posts\/13124\/revisions\/13126"}],"wp:featuredmedia":[{"embeddable":true,"href":"https:\/\/pasaenmendoza.com\/index.php?rest_route=\/wp\/v2\/media\/13125"}],"wp:attachment":[{"href":"https:\/\/pasaenmendoza.com\/index.php?rest_route=%2Fwp%2Fv2%2Fmedia&parent=13124"}],"wp:term":[{"taxonomy":"category","embeddable":true,"href":"https:\/\/pasaenmendoza.com\/index.php?rest_route=%2Fwp%2Fv2%2Fcategories&post=13124"},{"taxonomy":"post_tag","embeddable":true,"href":"https:\/\/pasaenmendoza.com\/index.php?rest_route=%2Fwp%2Fv2%2Ftags&post=13124"}],"curies":[{"name":"wp","href":"https:\/\/api.w.org\/{rel}","templated":true}]}}