{"id":13127,"date":"2025-05-26T15:54:22","date_gmt":"2025-05-26T13:54:22","guid":{"rendered":"https:\/\/pasaenmendoza.com\/?p=13127"},"modified":"2025-05-26T15:54:23","modified_gmt":"2025-05-26T13:54:23","slug":"conductora-borracha-y-sin-carnet-estaciono-en-medio-de-una-avenida-en-guaymallen","status":"publish","type":"post","link":"https:\/\/pasaenmendoza.com\/?p=13127","title":{"rendered":"Conductora borracha y sin carnet estacion\u00f3 en medio de una avenida en Guaymall\u00e9n"},"content":{"rendered":"\n<p>Una joven de 25 a\u00f1os fue demorada en la madrugada de lunes tras&nbsp;<strong>conducir en estado de ebriedad y sin licencia de conducir<\/strong>. Todo inici\u00f3 luego de la alerta del personal de C\u00e1maras de Guaymall\u00e9n, quienes observaron una situaci\u00f3n irregular que llev\u00f3 a la intervenci\u00f3n policial y municipal.<\/p>\n\n\n\n<p>Cerca de las 3 de la madrugada, los trabajadores vieron a trav\u00e9s de las c\u00e1maras de seguridad un<strong>\u00a0veh\u00edculo estacionado en el medio de la calzada en Libertad y Bandera de Los Andes<\/strong>.<\/p>\n\n\n\n<p>Al llegar personal policial al lugar, la mujer inici\u00f3 la marcha. Sin embargo, los efectivos lograron detenerla minutos despu\u00e9s, en Acceso Este calle Pichincha.<\/p>\n\n\n\n<p>Luego de entrevistarla, se constat\u00f3 que presentaba signos evidentes de ebriedad y que, adem\u00e1s, no pose\u00eda licencia de conducir, por lo que se solicito tr\u00e1nsito municipal. All\u00ed, se realiz\u00f3 el test de alcoholemia y el resultado arroj\u00f3&nbsp;<strong>positivo, con 1,20 gramos de alcohol por litro de sangre<\/strong>.<\/p>\n\n\n\n<p>El Juzgado Contravencional de Faltas tom\u00f3 intervenci\u00f3n en el caso y dispuso que se le realice el proceso correspondiente a la mujer en el marco del Art\u00edculo 67 Bis de la Ley 9099, que sanciona la conducci\u00f3n en estado de ebriedad. Adem\u00e1s, el\u00a0<strong>veh\u00edculo fue secuestrado<\/strong>\u00a0y trasladado a la Comisar\u00eda 9\u00b0, donde qued\u00f3 a disposici\u00f3n de la justicia.<\/p>\n\n\n\n<p><strong>Fuente: www.elsol.com.ar<\/strong><\/p>\n","protected":false},"excerpt":{"rendered":"<p>Una joven de 25 a\u00f1os fue demorada en la madrugada de lunes tras&nbsp;conducir en estado de ebriedad y sin licencia de conducir. Todo inici\u00f3 luego de la alerta del personal de C\u00e1maras de Guaymall\u00e9n, quienes observaron una situaci\u00f3n irregular que llev\u00f3 a la intervenci\u00f3n policial y municipal. Cerca de las 3 de la madrugada, los [&hellip;]<\/p>\n","protected":false},"author":2,"featured_media":13128,"comment_status":"open","ping_status":"open","sticky":false,"template":"","format":"standard","meta":[],"categories":[48],"tags":[],"_links":{"self":[{"href":"https:\/\/pasaenmendoza.com\/index.php?rest_route=\/wp\/v2\/posts\/13127"}],"collection":[{"href":"https:\/\/pasaenmendoza.com\/index.php?rest_route=\/wp\/v2\/posts"}],"about":[{"href":"https:\/\/pasaenmendoza.com\/index.php?rest_route=\/wp\/v2\/types\/post"}],"author":[{"embeddable":true,"href":"https:\/\/pasaenmendoza.com\/index.php?rest_route=\/wp\/v2\/users\/2"}],"replies":[{"embeddable":true,"href":"https:\/\/pasaenmendoza.com\/index.php?rest_route=%2Fwp%2Fv2%2Fcomments&post=13127"}],"version-history":[{"count":1,"href":"https:\/\/pasaenmendoza.com\/index.php?rest_route=\/wp\/v2\/posts\/13127\/revisions"}],"predecessor-version":[{"id":13129,"href":"https:\/\/pasaenmendoza.com\/index.php?rest_route=\/wp\/v2\/posts\/13127\/revisions\/13129"}],"wp:featuredmedia":[{"embeddable":true,"href":"https:\/\/pasaenmendoza.com\/index.php?rest_route=\/wp\/v2\/media\/13128"}],"wp:attachment":[{"href":"https:\/\/pasaenmendoza.com\/index.php?rest_route=%2Fwp%2Fv2%2Fmedia&parent=13127"}],"wp:term":[{"taxonomy":"category","embeddable":true,"href":"https:\/\/pasaenmendoza.com\/index.php?rest_route=%2Fwp%2Fv2%2Fcategories&post=13127"},{"taxonomy":"post_tag","embeddable":true,"href":"https:\/\/pasaenmendoza.com\/index.php?rest_route=%2Fwp%2Fv2%2Ftags&post=13127"}],"curies":[{"name":"wp","href":"https:\/\/api.w.org\/{rel}","templated":true}]}}