{"id":13130,"date":"2025-05-26T16:07:10","date_gmt":"2025-05-26T14:07:10","guid":{"rendered":"https:\/\/pasaenmendoza.com\/?p=13130"},"modified":"2025-05-26T16:07:11","modified_gmt":"2025-05-26T14:07:11","slug":"la-rotura-de-un-cano-genero-cortes-de-calle-y-dejo-sin-agua-a-vecinos-de-ciudad","status":"publish","type":"post","link":"https:\/\/pasaenmendoza.com\/?p=13130","title":{"rendered":"La rotura de un ca\u00f1o gener\u00f3 cortes de calle y dej\u00f3 sin agua a vecinos de Ciudad"},"content":{"rendered":"\n<p>Una&nbsp;<strong>rotura de ca\u00f1o de agua&nbsp;<\/strong>en el ingreso a la Ciudad de Mendoza gener\u00f3 complicaciones en el tr\u00e1nsito, ya que para reparar la aver\u00eda se realizaron cortes de calle y desv\u00edos de colectivos.<\/p>\n\n\n\n<p>A partir de este desperfecto, la empresa de agua y saneamiento de Mendoza,\u00a0<strong>Aysam<\/strong>, comenz\u00f3 a\u00a0realizar trabajos de reparaci\u00f3n a partir de las<strong>\u00a08:30 de la ma\u00f1ana<\/strong>\u00a0de este lunes.\u00a0<\/p>\n\n\n\n<p>El desperfecto t\u00e9cnico est\u00e1 en calle Rioja y Vicente Zapata (se puede circular por esta avenida) y para repararlo se implementaron\u00a0<strong>cortes de tr\u00e1nsito en dos puntos cr\u00edticos:\u00a0<\/strong><\/p>\n\n\n\n<p><strong>-Calle Rioja y Don Bosco<\/strong>&nbsp;<\/p>\n\n\n\n<p><strong>-Calle Rioja y Alem<\/strong><\/p>\n\n\n\n<p>Estos cortes se mantendr\u00e1n hasta que finalicen las reparaciones en la zona, debido a la significativa p\u00e9rdida de agua que se est\u00e1 produciendo.<\/p>\n\n\n\n<p>Desde la Municipalidad de Ciudad&nbsp;<strong>informaron que los colectivos que habitualmente transitan por calle Rioja ser\u00e1n desviados por la Costanera&nbsp;<\/strong>mientras se llevan a cabo los trabajos de reparaci\u00f3n.&nbsp;<\/p>\n\n\n\n<p>Por otra parte, el periodista Juli\u00e1n Chabert cont\u00f3 en el m\u00f3vil de\u00a0<em><strong>Radio Post<\/strong><\/em>\u00a0que &#8220;<strong>toda esa zona de la Ciudad de Mendoza est\u00e1 sin servicio de agua potable<\/strong>, ya que se procedi\u00f3 a cortar el servicio para poder reparar el desperfecto&#8221;.<\/p>\n\n\n\n<p><strong>Fuente: www.mendozapost.com<\/strong><\/p>\n","protected":false},"excerpt":{"rendered":"<p>Una&nbsp;rotura de ca\u00f1o de agua&nbsp;en el ingreso a la Ciudad de Mendoza gener\u00f3 complicaciones en el tr\u00e1nsito, ya que para reparar la aver\u00eda se realizaron cortes de calle y desv\u00edos de colectivos. A partir de este desperfecto, la empresa de agua y saneamiento de Mendoza,\u00a0Aysam, comenz\u00f3 a\u00a0realizar trabajos de reparaci\u00f3n a partir de las\u00a08:30 de [&hellip;]<\/p>\n","protected":false},"author":2,"featured_media":13131,"comment_status":"open","ping_status":"open","sticky":false,"template":"","format":"standard","meta":[],"categories":[50],"tags":[],"_links":{"self":[{"href":"https:\/\/pasaenmendoza.com\/index.php?rest_route=\/wp\/v2\/posts\/13130"}],"collection":[{"href":"https:\/\/pasaenmendoza.com\/index.php?rest_route=\/wp\/v2\/posts"}],"about":[{"href":"https:\/\/pasaenmendoza.com\/index.php?rest_route=\/wp\/v2\/types\/post"}],"author":[{"embeddable":true,"href":"https:\/\/pasaenmendoza.com\/index.php?rest_route=\/wp\/v2\/users\/2"}],"replies":[{"embeddable":true,"href":"https:\/\/pasaenmendoza.com\/index.php?rest_route=%2Fwp%2Fv2%2Fcomments&post=13130"}],"version-history":[{"count":1,"href":"https:\/\/pasaenmendoza.com\/index.php?rest_route=\/wp\/v2\/posts\/13130\/revisions"}],"predecessor-version":[{"id":13132,"href":"https:\/\/pasaenmendoza.com\/index.php?rest_route=\/wp\/v2\/posts\/13130\/revisions\/13132"}],"wp:featuredmedia":[{"embeddable":true,"href":"https:\/\/pasaenmendoza.com\/index.php?rest_route=\/wp\/v2\/media\/13131"}],"wp:attachment":[{"href":"https:\/\/pasaenmendoza.com\/index.php?rest_route=%2Fwp%2Fv2%2Fmedia&parent=13130"}],"wp:term":[{"taxonomy":"category","embeddable":true,"href":"https:\/\/pasaenmendoza.com\/index.php?rest_route=%2Fwp%2Fv2%2Fcategories&post=13130"},{"taxonomy":"post_tag","embeddable":true,"href":"https:\/\/pasaenmendoza.com\/index.php?rest_route=%2Fwp%2Fv2%2Ftags&post=13130"}],"curies":[{"name":"wp","href":"https:\/\/api.w.org\/{rel}","templated":true}]}}