{"id":13133,"date":"2025-05-26T16:46:16","date_gmt":"2025-05-26T14:46:16","guid":{"rendered":"https:\/\/pasaenmendoza.com\/?p=13133"},"modified":"2025-05-26T16:46:17","modified_gmt":"2025-05-26T14:46:17","slug":"la-vuelta-de-gimenez-sueno-con-que-el-pj-vuelva-a-gobernar-mendoza","status":"publish","type":"post","link":"https:\/\/pasaenmendoza.com\/?p=13133","title":{"rendered":"La vuelta de Gimenez: &#8220;Sue\u00f1o con que el PJ vuelva a gobernar Mendoza&#8221;"},"content":{"rendered":"\n<p>Este lunes el ex intendente de San Mart\u00edn,\u00a0<strong>Jorge Omar Gimenez<\/strong>, habl\u00f3 en el aire del programa\u00a0<em>Ten\u00e9s que saberlo\u00a0<\/em>por\u00a0<strong><em>Radio Post<\/em><\/strong>\u00a0(FM 92.1 en el Gran Mendoza, 96.9 en Luj\u00e1n de Cuyo, 100.1 en San Mart\u00edn y 96.7 en La Paz).<\/p>\n\n\n\n<p>\u00a0Las declaraciones fueron realizadas tras las repercusiones que gener\u00f3 el acto organizado por el\u00a0<strong>Partido Justicialista de Mendoza<\/strong>\u00a0en la zona este de la provincia, encabezado por su presidente, Emir F\u00e9lix donde entre los detalles m\u00e1s comentados del evento, se destac\u00f3\u00a0<strong>el\u00a0regreso de Gimenez al armado justicialista<\/strong>, luego de su participaci\u00f3n en &#8220;La Uni\u00f3n Mendocina&#8221; junto a Omar De Marchi.\u00a0<\/p>\n\n\n\n<p>&#8220;Fue un encuentro en San Mart\u00edn de mujeres peronistas de la regi\u00f3n por la iniciativa de la conducci\u00f3n del PJ, que es Emir F\u00e9lix. Signific\u00f3 un \u00e1mbito de reflexi\u00f3n y todo lo que pasa cuando un partido se pone en movimiento, y es lo que est\u00e1 pasando, a mi entender, con el peronismo de Mendoza&#8221;, mencion\u00f3.\u00a0<\/p>\n\n\n\n<p><strong>Qu\u00e9 dijo sobre De Marchi\u00a0<\/strong><\/p>\n\n\n\n<p>Sobre su paso por La Uni\u00f3n Mendocina y su alianza con Omar De Marchi, el ex intendente explic\u00f3:\u00a0&#8220;<strong>En ese momento vi en De Marchi un proyecto para los mendocinos, algo que siempre me moviliz\u00f3<\/strong>. No hab\u00eda un justicialismo enfocado en Mendoza, sino alineado a lo nacional&#8221;.\u00a0<\/p>\n\n\n\n<p>&#8220;Yo trabajo por San Mart\u00edn y por Mendoza, por eso en su momento decid\u00ed acompa\u00f1arlo. Pero despu\u00e9s \u00e9l eligi\u00f3 quedarse en Buenos Aires e integrarse al gobierno de Milei. Yo hasta ah\u00ed llego&#8221;, aclar\u00f3 y&nbsp;vincul\u00f3 aquella experiencia con su mirada cr\u00edtica sobre la actualidad: &#8220;Lo que me duele, y lo digo como alguien agradecido a sus vecinos y con muchos a\u00f1os de trabajo, es ver al justicialismo tan alejado de la posibilidad real de gobernar Mendoza&#8221;.<\/p>\n\n\n\n<p><strong>Un sue\u00f1o mendocino justicialista<\/strong><\/p>\n\n\n\n<p>En esta direcci\u00f3n, Gimenez reflexion\u00f3 sobre el presente del peronismo mendocino:\u00a0&#8220;<strong>Sue\u00f1o con que el peronismo vuelva a gobernar Mendoza<\/strong>, San Mart\u00edn, Las Heras y todos los departamentos que se perdieron. Pero no me interesa un proyecto de poder por el poder mismo, y menos a esta altura de mi vida. No busco cargos; cuando surgi\u00f3 la posibilidad de que Emir presida el PJ, le dije que lo acompa\u00f1ar\u00eda si hab\u00eda un proyecto real para Mendoza, aunque sabemos que no es f\u00e1cil&#8221;.<\/p>\n\n\n\n<p>Tambi\u00e9n se diferenci\u00f3 de las estructuras nacionales:&nbsp;<strong>&#8220;El caso m\u00e1s claro es Cornejo, si \u00e9l hubiera seguido un lineamiento nacional del radicalismo, no gobernar\u00eda Mendoza. Lo mismo vale para el peronismo: seguir solo lo nacional nos aleja de la realidad provincial. No reniego de Cristina, fue dos veces presidenta, pero eso ya pas\u00f3. Hoy tenemos que pensar en lo que viene&#8221;.<\/strong><\/p>\n\n\n\n<p>Finalmente, remarc\u00f3 la necesidad de un enfoque propio:\u00a0&#8220;Mendoza necesita una mirada distinta, una propuesta local. Por eso acompa\u00f1o a Emir: para construir desde el justicialismo mendocino, sin otra intenci\u00f3n que aportar. Si seguimos dependiendo de lo nacional, vamos a seguir donde estamos&#8221;.<\/p>\n\n\n\n<p><strong>Una pol\u00edtica real para el Este<\/strong><\/p>\n\n\n\n<p>Sobre la situaci\u00f3n actual de su departamento, Gim\u00e9nez expres\u00f3:&nbsp;<strong>&#8220;Vivo en el Este y no veo una pol\u00edtica real para esta parte de Mendoza. La econom\u00eda regional va de mal en peor, y no vemos un aporte claro ni del Estado provincial ni del nacional que ordene hacia d\u00f3nde vamos.&#8221;<\/strong><\/p>\n\n\n\n<p>En cuanto a la gesti\u00f3n del actual intendente, agreg\u00f3:\u00a0&#8220;Yo respeto mucho a Rufeil desde antes de que fuera intendente. Me gan\u00f3 dos veces, por algo ser\u00e1 y reconozco su honestidad y calidad humana. Pero en lo econ\u00f3mico no lo veo definiendo un futuro para el Este.&#8221;\u00a0<\/p>\n\n\n\n<p>&#8220;Nuestra regi\u00f3n se va quedando atr\u00e1s, sin desarrollo real, y muchas veces hay que plantarse incluso frente al gobernador o a los propios compa\u00f1eros de partido para defender a los vecinos. Mi cr\u00edtica es esa: faltan definiciones claras y una estrategia colectiva para esta regi\u00f3n&#8221; concluy\u00f3.\u00a0<\/p>\n\n\n\n<p><strong>Fuente: www.mendozapost.com<\/strong><\/p>\n","protected":false},"excerpt":{"rendered":"<p>Este lunes el ex intendente de San Mart\u00edn,\u00a0Jorge Omar Gimenez, habl\u00f3 en el aire del programa\u00a0Ten\u00e9s que saberlo\u00a0por\u00a0Radio Post\u00a0(FM 92.1 en el Gran Mendoza, 96.9 en Luj\u00e1n de Cuyo, 100.1 en San Mart\u00edn y 96.7 en La Paz). \u00a0Las declaraciones fueron realizadas tras las repercusiones que gener\u00f3 el acto organizado por el\u00a0Partido Justicialista de Mendoza\u00a0en [&hellip;]<\/p>\n","protected":false},"author":2,"featured_media":13134,"comment_status":"open","ping_status":"open","sticky":false,"template":"","format":"standard","meta":[],"categories":[47],"tags":[],"_links":{"self":[{"href":"https:\/\/pasaenmendoza.com\/index.php?rest_route=\/wp\/v2\/posts\/13133"}],"collection":[{"href":"https:\/\/pasaenmendoza.com\/index.php?rest_route=\/wp\/v2\/posts"}],"about":[{"href":"https:\/\/pasaenmendoza.com\/index.php?rest_route=\/wp\/v2\/types\/post"}],"author":[{"embeddable":true,"href":"https:\/\/pasaenmendoza.com\/index.php?rest_route=\/wp\/v2\/users\/2"}],"replies":[{"embeddable":true,"href":"https:\/\/pasaenmendoza.com\/index.php?rest_route=%2Fwp%2Fv2%2Fcomments&post=13133"}],"version-history":[{"count":1,"href":"https:\/\/pasaenmendoza.com\/index.php?rest_route=\/wp\/v2\/posts\/13133\/revisions"}],"predecessor-version":[{"id":13135,"href":"https:\/\/pasaenmendoza.com\/index.php?rest_route=\/wp\/v2\/posts\/13133\/revisions\/13135"}],"wp:featuredmedia":[{"embeddable":true,"href":"https:\/\/pasaenmendoza.com\/index.php?rest_route=\/wp\/v2\/media\/13134"}],"wp:attachment":[{"href":"https:\/\/pasaenmendoza.com\/index.php?rest_route=%2Fwp%2Fv2%2Fmedia&parent=13133"}],"wp:term":[{"taxonomy":"category","embeddable":true,"href":"https:\/\/pasaenmendoza.com\/index.php?rest_route=%2Fwp%2Fv2%2Fcategories&post=13133"},{"taxonomy":"post_tag","embeddable":true,"href":"https:\/\/pasaenmendoza.com\/index.php?rest_route=%2Fwp%2Fv2%2Ftags&post=13133"}],"curies":[{"name":"wp","href":"https:\/\/api.w.org\/{rel}","templated":true}]}}