{"id":1314,"date":"2023-09-08T18:12:45","date_gmt":"2023-09-08T16:12:45","guid":{"rendered":"https:\/\/pasaenmendoza.com\/?p=1314"},"modified":"2023-09-08T18:12:46","modified_gmt":"2023-09-08T16:12:46","slug":"transportistas-estiman-que-las-perdidas-por-el-cierre-del-paso-cristo-redentor-suman-us19-millones","status":"publish","type":"post","link":"https:\/\/pasaenmendoza.com\/?p=1314","title":{"rendered":"Transportistas estiman que las p\u00e9rdidas por el cierre del Paso Cristo Redentor suman U$S19 millones"},"content":{"rendered":"\n<p>La Asociaci\u00f3n de Propietarios de Camiones de Mendoza (Aprocam)\u00a0<strong>sigue con las presiones\u00a0<\/strong>por el extenso cierre del\u00a0<strong>Paso Cristo Redentor<\/strong>\u00a0y aseguraron que por los camiones parados, han sumado p\u00e9rdidas por un monto de\u00a0<strong>U$S 19 millones, y mantienen mercader\u00eda detenida por un valor estimado de U$S 100 millones<\/strong>. Admiten tambi\u00e9n que la mayor\u00eda de los d\u00edas el t\u00fanel estuvo cerrado por malas condiciones del tiempo, pero tambi\u00e9n\u00a0<strong>apuntaron a la &#8220;ineficacia\u00a0<\/strong>de quienes detentan el poder en el manejo&#8221; del paso internacional.<\/p>\n\n\n\n<p>A trav\u00e9s de un comunicado, Aprocam se\u00f1al\u00f3: &#8220;Las p\u00e9rdidas al d\u00eda de hoy (mi\u00e9rcoles 6) rondan aproximadamente U$S 19 millones. Se estima que el cami\u00f3n tiene un&nbsp;<strong>costo de U$S 250 por d\u00eda<\/strong>, lo que incluye el sueldo del conductor, vi\u00e1ticos, seguros, entre otros \u00edtems. A ese valor lo multiplicamos por los&nbsp;<strong>4.000 camiones que hay en alta monta\u00f1a<\/strong>&nbsp;a la espera de poder cruzar a Chile y nos arroja un resultado de U$S 1 mill\u00f3n, que&nbsp;<strong>multiplicado por los 19 d\u00edas<\/strong>&nbsp;que lleva el Paso Cristo Redentor cerrado obtenemos una p\u00e9rdida de U$S&nbsp;<strong>19 millones<\/strong>&nbsp;aproximadamente&#8221;.<\/p>\n\n\n\n<p>&#8220;Si realizamos la misma cuenta pero teniendo como objeto a\u00a0<strong>las cargas, el costo de las mismas es de aproximadamente U$S 25.000<\/strong>, y sumando los d\u00edas que se acumulan tenemos un valor de U$S\u00a0<strong>100 millones en mercader\u00eda estancada<\/strong>&#8220;, agregaron.<\/p>\n\n\n\n<p>Los empresarios hicieron el c\u00e1lculo&nbsp;<strong>desde el 17 de agosto hasta el 6 de septiembre, descontando los d\u00edas 30 y 31 de agosto que hubo una ventana<\/strong>&nbsp;y cruzaron 2.200 camiones. Hasta este viernes 8 de septiembre,&nbsp;<strong>son en total 21 d\u00edas de corte&nbsp;<\/strong>contemplando dicha ventana.<\/p>\n\n\n\n<h2 class=\"wp-block-heading\">Quejas a la coordinaci\u00f3n del Paso Cristo Redentor<\/h2>\n\n\n\n<p>Los due\u00f1os de transportes se\u00f1alaron que &#8220;esta temporada invernal atraviesa&nbsp;<strong>el tercer corte<\/strong>, de los cuales cada uno fue de m\u00e1s de 15 d\u00edas, sin tener en cuenta los d\u00edas utilizados para descongestionar una vez habilitado&#8221;.<\/p>\n\n\n\n<p>En el mismo comunicado expresaron: &#8220;<strong>Se va a tener en esta temporada 60 d\u00edas de inactividad.&nbsp;<\/strong>Si bien una parte fue por fen\u00f3menos naturales, la otra&nbsp;<strong>gran parte fue debido a la ineficacia de quienes detentan el poder en el manejo del Paso Cristo Redentor<\/strong>&#8220;.<\/p>\n\n\n\n<p>Uno de los grandes enojos de los empresarios es que el jueves hab\u00eda varias horas de buen tiempo en la cordillera y pidieron que dejaran pasar algunos camiones por tandas descomprimir, pero directamente la\u00a0<strong>coordinaci\u00f3n chilena del paso emiti\u00f3 un comunicado que tendr\u00edan cerrado por lo menos hasta el domingo<\/strong>\u00a0por malas condiciones climatol\u00f3gicas.<\/p>\n\n\n\n<p>De todas formas, los pron\u00f3sticos adelantaron que por lo menos\u00a0<strong>hasta el lunes o el martes persisten las nevadas en ambos lados de la frontera<\/strong>, por lo que el t\u00fanel seguir\u00e1 cerrado varios d\u00edas.<\/p>\n\n\n\n<p><strong>Fuente: www.diariouno.com.ar<\/strong><\/p>\n","protected":false},"excerpt":{"rendered":"<p>La Asociaci\u00f3n de Propietarios de Camiones de Mendoza (Aprocam)\u00a0sigue con las presiones\u00a0por el extenso cierre del\u00a0Paso Cristo Redentor\u00a0y aseguraron que por los camiones parados, han sumado p\u00e9rdidas por un monto de\u00a0U$S 19 millones, y mantienen mercader\u00eda detenida por un valor estimado de U$S 100 millones. Admiten tambi\u00e9n que la mayor\u00eda de los d\u00edas el t\u00fanel [&hellip;]<\/p>\n","protected":false},"author":2,"featured_media":1315,"comment_status":"open","ping_status":"open","sticky":false,"template":"","format":"standard","meta":[],"categories":[50],"tags":[],"_links":{"self":[{"href":"https:\/\/pasaenmendoza.com\/index.php?rest_route=\/wp\/v2\/posts\/1314"}],"collection":[{"href":"https:\/\/pasaenmendoza.com\/index.php?rest_route=\/wp\/v2\/posts"}],"about":[{"href":"https:\/\/pasaenmendoza.com\/index.php?rest_route=\/wp\/v2\/types\/post"}],"author":[{"embeddable":true,"href":"https:\/\/pasaenmendoza.com\/index.php?rest_route=\/wp\/v2\/users\/2"}],"replies":[{"embeddable":true,"href":"https:\/\/pasaenmendoza.com\/index.php?rest_route=%2Fwp%2Fv2%2Fcomments&post=1314"}],"version-history":[{"count":2,"href":"https:\/\/pasaenmendoza.com\/index.php?rest_route=\/wp\/v2\/posts\/1314\/revisions"}],"predecessor-version":[{"id":1317,"href":"https:\/\/pasaenmendoza.com\/index.php?rest_route=\/wp\/v2\/posts\/1314\/revisions\/1317"}],"wp:featuredmedia":[{"embeddable":true,"href":"https:\/\/pasaenmendoza.com\/index.php?rest_route=\/wp\/v2\/media\/1315"}],"wp:attachment":[{"href":"https:\/\/pasaenmendoza.com\/index.php?rest_route=%2Fwp%2Fv2%2Fmedia&parent=1314"}],"wp:term":[{"taxonomy":"category","embeddable":true,"href":"https:\/\/pasaenmendoza.com\/index.php?rest_route=%2Fwp%2Fv2%2Fcategories&post=1314"},{"taxonomy":"post_tag","embeddable":true,"href":"https:\/\/pasaenmendoza.com\/index.php?rest_route=%2Fwp%2Fv2%2Ftags&post=1314"}],"curies":[{"name":"wp","href":"https:\/\/api.w.org\/{rel}","templated":true}]}}