{"id":13140,"date":"2025-05-26T22:31:28","date_gmt":"2025-05-26T20:31:28","guid":{"rendered":"https:\/\/pasaenmendoza.com\/?p=13140"},"modified":"2025-05-26T22:31:29","modified_gmt":"2025-05-26T20:31:29","slug":"paso-a-chile-crece-el-conflicto-en-la-frontera-argentina-en-el-inicio-de-una-temporada-critica","status":"publish","type":"post","link":"https:\/\/pasaenmendoza.com\/?p=13140","title":{"rendered":"Paso a Chile: crece el conflicto en la frontera argentina, en el inicio de una temporada cr\u00edtica"},"content":{"rendered":"\n<p>Un viejo conflicto por las&nbsp;<strong>precarias condiciones en el Complejo fronterizo Horcones<\/strong>&nbsp;recrudece justo cuando el&nbsp;<strong>Paso a Chile&nbsp;<\/strong>se prepara para una de sus \u00e9pocas m\u00e1s cr\u00edticas como es la temporada invernal, en la que<strong>&nbsp;el corredor deja de funcionar las 24 horas.<\/strong><\/p>\n\n\n\n<p>El&nbsp;<strong>pr\u00f3ximo domingo 1 de junio<\/strong>&nbsp;se reduce el horario de tr\u00e1nsito entre ambos pa\u00edses a trav\u00e9s del Sistema Integrado Cristo Redentor y&nbsp;<strong>funcionarios de la Aduana chilena que trabajan en el complejo argentino Horcones elevaron nuevamente su voz de protesta<\/strong>. El personal trasandino denunci\u00f3 las \u201c<em>p\u00e9simas condiciones edilicias<\/em>\u201d en las que deben desempe\u00f1ar sus tareas y exigiendo soluciones urgentes a las autoridades argentinas.<\/p>\n\n\n\n<p>La situaci\u00f3n no es nueva. Desde mayo, se hizo p\u00fablico el malestar de los empleados chilenos por la falta de almuerzo durante el D\u00eda del Trabajador y, lo que es m\u00e1s grave, por\u00a0<strong>\u201creiteradas quejas sobre las condiciones en las que se encuentra el edificio en el que se desempe\u00f1an\u201d. Los problemas de infraestructura en el edificio Roque Carranza datan de 2022 y no han tenido respuesta.<\/strong><\/p>\n\n\n\n<p>En aquel momento, los trabajadores manifestaron su estado de alerta y exhibieron carteles exigiendo que \u201c<em>el Gobierno argentino cumpla con los acuerdos bilaterales comprometidos<\/em>\u201d y que se respeten \u201c<em>las condiciones de habitabilidad dignas<\/em>\u201c, mencionando incluso inundaciones en las habitaciones.<\/p>\n\n\n\n<h2 class=\"wp-block-heading\" id=\"h-inspeccion-chilena-y-ultimatum-a-argentina\">Inspecci\u00f3n chilena y ultim\u00e1tum a Argentina<\/h2>\n\n\n\n<p>El reclamo escal\u00f3 y el pasado jueves 15 de mayo, una delegaci\u00f3n chilena, conformada por el Jefe de la Unidad de Pasos Fronterizos (UPF), Eduardo N\u00fa\u00f1ez, junto con representantes de los servicios contralores (SAG, Aduanas y PDI) y de la Direcci\u00f3n Nacional de Fronteras y L\u00edmites del Estado (DIFROL), se traslad\u00f3 al complejo Horcones.<\/p>\n\n\n\n<p>El objetivo fue reunirse con sus pares argentinos y\u00a0<strong>revisar las instalaciones que alojan a funcionarios de ambos pa\u00edses.<\/strong><\/p>\n\n\n\n<p>La visita, que estuvo planificada para monitorear los trabajos comprometidos, constat\u00f3 que&nbsp;<strong>\u201c<em>se ha avanzado m\u00ednimamente en las mejoras<\/em><\/strong>\u201d en lo referido a la habitabilidad y operaciones de los funcionarios que trabajan tanto en Horcones como en Uspallata.<\/p>\n\n\n\n<p>Ante esta situaci\u00f3n, el Delegado Presidencial Provincial de Los Andes,&nbsp;<strong>Cristian Aravena<\/strong>, expres\u00f3 su \u201c<em>preocupaci\u00f3n frente a la demora en los arreglos<\/em>\u201c.<\/p>\n\n\n\n<p>Si bien\u00a0<strong>reconoci\u00f3 la \u201c<em>buena disposici\u00f3n de las autoridades argentinas<\/em>\u201c, remarc\u00f3 la necesidad de \u201c<em>premura ante esta situaci\u00f3n<\/em>\u201c<\/strong>, ya que \u201c<em>se acerca la temporada m\u00e1s dura del invierno en la alta monta\u00f1a y\u00a0<strong>necesitamos que nuestros funcionarios trabajen en un ambiente adecuado, tal como nosotros lo brindamos en Chile<\/strong><\/em><strong>\u201c.<\/strong><\/p>\n\n\n\n<p>Como resultado de esta visita, el Ministerio del Interior de Chile, a trav\u00e9s de la Unidad de Pasos Fronterizos, envi\u00f3 un memor\u00e1ndum al Director Nacional de Asuntos T\u00e9cnicos de Fronteras del Ministerio del Interior de Argentina, Ricardo Botana.<\/p>\n\n\n\n<p>En el documento, se solicita que\u00a0<strong>\u201c<em>los trabajos de reparaci\u00f3n y mejoramiento de las condiciones de habitabilidad y operaciones se realicen a la brevedad, los primeros d\u00edas de junio<\/em>\u201c<\/strong>, alertando que las condiciones actuales \u201c<em>revisten un riesgo inminente de la salud, integridad f\u00edsica, ps\u00edquica y la seguridad de las y los funcionarios<\/em>\u201c.<\/p>\n\n\n\n<p>Mientras los funcionarios de Aduanas de Chile contin\u00faan en \u201cestado de alerta\u201d a la espera de una resoluci\u00f3n por parte de las autoridades argentinas.<\/p>\n\n\n\n<p>Por el momento, las autoridades locales se han llamado a silencio.<\/p>\n\n\n\n<p><strong>Fuente: www.elsol.com.ar<\/strong><\/p>\n","protected":false},"excerpt":{"rendered":"<p>Un viejo conflicto por las&nbsp;precarias condiciones en el Complejo fronterizo Horcones&nbsp;recrudece justo cuando el&nbsp;Paso a Chile&nbsp;se prepara para una de sus \u00e9pocas m\u00e1s cr\u00edticas como es la temporada invernal, en la que&nbsp;el corredor deja de funcionar las 24 horas. El&nbsp;pr\u00f3ximo domingo 1 de junio&nbsp;se reduce el horario de tr\u00e1nsito entre ambos pa\u00edses a trav\u00e9s del [&hellip;]<\/p>\n","protected":false},"author":2,"featured_media":13141,"comment_status":"open","ping_status":"open","sticky":false,"template":"","format":"standard","meta":[],"categories":[66],"tags":[],"_links":{"self":[{"href":"https:\/\/pasaenmendoza.com\/index.php?rest_route=\/wp\/v2\/posts\/13140"}],"collection":[{"href":"https:\/\/pasaenmendoza.com\/index.php?rest_route=\/wp\/v2\/posts"}],"about":[{"href":"https:\/\/pasaenmendoza.com\/index.php?rest_route=\/wp\/v2\/types\/post"}],"author":[{"embeddable":true,"href":"https:\/\/pasaenmendoza.com\/index.php?rest_route=\/wp\/v2\/users\/2"}],"replies":[{"embeddable":true,"href":"https:\/\/pasaenmendoza.com\/index.php?rest_route=%2Fwp%2Fv2%2Fcomments&post=13140"}],"version-history":[{"count":1,"href":"https:\/\/pasaenmendoza.com\/index.php?rest_route=\/wp\/v2\/posts\/13140\/revisions"}],"predecessor-version":[{"id":13142,"href":"https:\/\/pasaenmendoza.com\/index.php?rest_route=\/wp\/v2\/posts\/13140\/revisions\/13142"}],"wp:featuredmedia":[{"embeddable":true,"href":"https:\/\/pasaenmendoza.com\/index.php?rest_route=\/wp\/v2\/media\/13141"}],"wp:attachment":[{"href":"https:\/\/pasaenmendoza.com\/index.php?rest_route=%2Fwp%2Fv2%2Fmedia&parent=13140"}],"wp:term":[{"taxonomy":"category","embeddable":true,"href":"https:\/\/pasaenmendoza.com\/index.php?rest_route=%2Fwp%2Fv2%2Fcategories&post=13140"},{"taxonomy":"post_tag","embeddable":true,"href":"https:\/\/pasaenmendoza.com\/index.php?rest_route=%2Fwp%2Fv2%2Ftags&post=13140"}],"curies":[{"name":"wp","href":"https:\/\/api.w.org\/{rel}","templated":true}]}}