{"id":13150,"date":"2025-05-27T16:52:04","date_gmt":"2025-05-27T14:52:04","guid":{"rendered":"https:\/\/pasaenmendoza.com\/?p=13150"},"modified":"2025-05-27T16:52:05","modified_gmt":"2025-05-27T14:52:05","slug":"ola-polar-hasta-cuando-llovera-en-el-gran-mendoza","status":"publish","type":"post","link":"https:\/\/pasaenmendoza.com\/?p=13150","title":{"rendered":"Ola polar: hasta cu\u00e1ndo llover\u00e1 en el Gran Mendoza"},"content":{"rendered":"\n<p>El pron\u00f3stico se cumpli\u00f3 a rajatabla y la&nbsp;<strong>ola polar continental<\/strong>&nbsp;ingres\u00f3 a Mendoza este martes, con temperaturas m\u00ednimas y m\u00e1ximas bajas y mucha lluvia.<\/p>\n\n\n\n<p>De acuerdo con lo anunciado por el meteor\u00f3logo Fernando Jara,&nbsp;<strong>las lluvias intermitentes se mantendr\u00e1n, al menos, hasta el mediod\u00eda de este martes<\/strong>. Luego las condiciones mejorar\u00e1n, pero continuar\u00e1 el fr\u00edo en Mendoza.<\/p>\n\n\n\n<p>La temperatura m\u00ednima ser\u00e1 de 1 grado y se espera que la m\u00e1xima no supere los 8 grados.<\/p>\n\n\n\n<h2 class=\"wp-block-heading\" id=\"h-lo-que-dejo-la-tormenta\">Lo que dej\u00f3 la tormenta<\/h2>\n\n\n\n<p>De acuerdo con el relevamiento realizado por las autoridades de&nbsp;<strong>Defensa Civil&nbsp;<\/strong>de la provincia, las lluvias fueron generalizadas y afectaron a gran parte del territorio.<\/p>\n\n\n\n<p>Si bien no hubo que lamentar da\u00f1os severos,\u00a0<strong>en el Gran Mendoza, las zonas m\u00e1s afectadas fueron Guaymall\u00e9n, Luj\u00e1n de Cuyo y Las Heras<\/strong>, con cables cortados, filtraci\u00f3n de techos y una vivienda anegada.<\/p>\n\n\n\n<h2 class=\"wp-block-heading\" id=\"h-circular-con-precaucion\">Circular con precauci\u00f3n<\/h2>\n\n\n\n<p>Frente a las intensas y persistentes lluvias,\u00a0<strong>las autoridades piden a los automovilistas circular con mucha precauci\u00f3n,<\/strong>\u00a0ya que la calzada est\u00e1 muy resbalosa y, algunos sem\u00e1foros, funcionan de manera intermitente.<\/p>\n\n\n\n<p><strong>Fuente: www.elsol.com.ar<\/strong><\/p>\n","protected":false},"excerpt":{"rendered":"<p>El pron\u00f3stico se cumpli\u00f3 a rajatabla y la&nbsp;ola polar continental&nbsp;ingres\u00f3 a Mendoza este martes, con temperaturas m\u00ednimas y m\u00e1ximas bajas y mucha lluvia. De acuerdo con lo anunciado por el meteor\u00f3logo Fernando Jara,&nbsp;las lluvias intermitentes se mantendr\u00e1n, al menos, hasta el mediod\u00eda de este martes. Luego las condiciones mejorar\u00e1n, pero continuar\u00e1 el fr\u00edo en Mendoza. [&hellip;]<\/p>\n","protected":false},"author":2,"featured_media":13151,"comment_status":"open","ping_status":"open","sticky":false,"template":"","format":"standard","meta":[],"categories":[52],"tags":[],"_links":{"self":[{"href":"https:\/\/pasaenmendoza.com\/index.php?rest_route=\/wp\/v2\/posts\/13150"}],"collection":[{"href":"https:\/\/pasaenmendoza.com\/index.php?rest_route=\/wp\/v2\/posts"}],"about":[{"href":"https:\/\/pasaenmendoza.com\/index.php?rest_route=\/wp\/v2\/types\/post"}],"author":[{"embeddable":true,"href":"https:\/\/pasaenmendoza.com\/index.php?rest_route=\/wp\/v2\/users\/2"}],"replies":[{"embeddable":true,"href":"https:\/\/pasaenmendoza.com\/index.php?rest_route=%2Fwp%2Fv2%2Fcomments&post=13150"}],"version-history":[{"count":1,"href":"https:\/\/pasaenmendoza.com\/index.php?rest_route=\/wp\/v2\/posts\/13150\/revisions"}],"predecessor-version":[{"id":13152,"href":"https:\/\/pasaenmendoza.com\/index.php?rest_route=\/wp\/v2\/posts\/13150\/revisions\/13152"}],"wp:featuredmedia":[{"embeddable":true,"href":"https:\/\/pasaenmendoza.com\/index.php?rest_route=\/wp\/v2\/media\/13151"}],"wp:attachment":[{"href":"https:\/\/pasaenmendoza.com\/index.php?rest_route=%2Fwp%2Fv2%2Fmedia&parent=13150"}],"wp:term":[{"taxonomy":"category","embeddable":true,"href":"https:\/\/pasaenmendoza.com\/index.php?rest_route=%2Fwp%2Fv2%2Fcategories&post=13150"},{"taxonomy":"post_tag","embeddable":true,"href":"https:\/\/pasaenmendoza.com\/index.php?rest_route=%2Fwp%2Fv2%2Ftags&post=13150"}],"curies":[{"name":"wp","href":"https:\/\/api.w.org\/{rel}","templated":true}]}}