{"id":13153,"date":"2025-05-27T17:05:08","date_gmt":"2025-05-27T15:05:08","guid":{"rendered":"https:\/\/pasaenmendoza.com\/?p=13153"},"modified":"2025-05-27T17:13:08","modified_gmt":"2025-05-27T15:13:08","slug":"choque-y-vuelco-en-la-calle-juan-b-justo","status":"publish","type":"post","link":"https:\/\/pasaenmendoza.com\/?p=13153","title":{"rendered":"Choque y vuelco en la calle Juan B. Justo"},"content":{"rendered":"\n<p>Una camioneta Ford Ranger volc\u00f3 este martes por la ma\u00f1ana luego de colisionar con un Fiat Palio.<\/p>\n\n\n\n<p>El hecho ocurri\u00f3 pasadas las 8 en la intersecci\u00f3n con Mart\u00ednez de Rozas, en circunstancias que a\u00fan est\u00e1n siendo investigadas.<\/p>\n\n\n\n<p>Personal de Tr\u00e1nsito se hizo presente en el lugar para asistir a los conductores y ordenar la circulaci\u00f3n, que se vio reducida a media calzada debido al siniestro.<\/p>\n\n\n\n<p><strong>Fuente: www.elsol.com.ar<\/strong><\/p>\n","protected":false},"excerpt":{"rendered":"<p>Una camioneta Ford Ranger volc\u00f3 este martes por la ma\u00f1ana luego de colisionar con un Fiat Palio. El hecho ocurri\u00f3 pasadas las 8 en la intersecci\u00f3n con Mart\u00ednez de Rozas, en circunstancias que a\u00fan est\u00e1n siendo investigadas. Personal de Tr\u00e1nsito se hizo presente en el lugar para asistir a los conductores y ordenar la circulaci\u00f3n, [&hellip;]<\/p>\n","protected":false},"author":2,"featured_media":13154,"comment_status":"open","ping_status":"open","sticky":false,"template":"","format":"standard","meta":[],"categories":[48],"tags":[],"_links":{"self":[{"href":"https:\/\/pasaenmendoza.com\/index.php?rest_route=\/wp\/v2\/posts\/13153"}],"collection":[{"href":"https:\/\/pasaenmendoza.com\/index.php?rest_route=\/wp\/v2\/posts"}],"about":[{"href":"https:\/\/pasaenmendoza.com\/index.php?rest_route=\/wp\/v2\/types\/post"}],"author":[{"embeddable":true,"href":"https:\/\/pasaenmendoza.com\/index.php?rest_route=\/wp\/v2\/users\/2"}],"replies":[{"embeddable":true,"href":"https:\/\/pasaenmendoza.com\/index.php?rest_route=%2Fwp%2Fv2%2Fcomments&post=13153"}],"version-history":[{"count":1,"href":"https:\/\/pasaenmendoza.com\/index.php?rest_route=\/wp\/v2\/posts\/13153\/revisions"}],"predecessor-version":[{"id":13155,"href":"https:\/\/pasaenmendoza.com\/index.php?rest_route=\/wp\/v2\/posts\/13153\/revisions\/13155"}],"wp:featuredmedia":[{"embeddable":true,"href":"https:\/\/pasaenmendoza.com\/index.php?rest_route=\/wp\/v2\/media\/13154"}],"wp:attachment":[{"href":"https:\/\/pasaenmendoza.com\/index.php?rest_route=%2Fwp%2Fv2%2Fmedia&parent=13153"}],"wp:term":[{"taxonomy":"category","embeddable":true,"href":"https:\/\/pasaenmendoza.com\/index.php?rest_route=%2Fwp%2Fv2%2Fcategories&post=13153"},{"taxonomy":"post_tag","embeddable":true,"href":"https:\/\/pasaenmendoza.com\/index.php?rest_route=%2Fwp%2Fv2%2Ftags&post=13153"}],"curies":[{"name":"wp","href":"https:\/\/api.w.org\/{rel}","templated":true}]}}