{"id":13159,"date":"2025-05-27T17:17:13","date_gmt":"2025-05-27T15:17:13","guid":{"rendered":"https:\/\/pasaenmendoza.com\/?p=13159"},"modified":"2025-05-27T17:17:14","modified_gmt":"2025-05-27T15:17:14","slug":"sigue-la-suspension-de-clases-en-algunas-escuelas","status":"publish","type":"post","link":"https:\/\/pasaenmendoza.com\/?p=13159","title":{"rendered":"Sigue la suspensi\u00f3n de clases en algunas escuelas"},"content":{"rendered":"\n<p>La&nbsp;<strong>Direcci\u00f3n General de Escuelas (DGE)<\/strong>&nbsp;actualiz\u00f3 la informaci\u00f3n sobre el dictado de clases presenciales en el&nbsp;<strong>turno tarde<\/strong>&nbsp;para este martes por las condiciones del tiempo.&nbsp;<\/p>\n\n\n\n<p>En esta direcci\u00f3n, al igual que en el turno ma\u00f1ana,&nbsp;<strong>las clases presenciales contin\u00faan suspendidas en diversas localidades de alta monta\u00f1a<\/strong>&nbsp;debido a las intensas nevadas, lluvias y las condiciones adversas en los caminos de acceso.<\/p>\n\n\n\n<p>La medida alcanza a las escuelas de todos los niveles y modalidades, con suspensi\u00f3n de clases presenciales en las zonas de monta\u00f1a de\u00a0<strong>Tupungato<\/strong>,\u00a0<strong>Polvaredas<\/strong>,\u00a0<strong>Punta de Vacas<\/strong>\u00a0y\u00a0<strong>Puente del Inca<\/strong>\u00a0(Las Heras);\u00a0<strong>El Manzano<\/strong>\u00a0(Tunuy\u00e1n) y\u00a0<strong>Potrerillos<\/strong>\u00a0y\u00a0<strong>Cacheuta<\/strong>\u00a0(Luj\u00e1n de Cuyo).<\/p>\n\n\n\n<p>En tanto, en el resto de la provincia, el servicio educativo se brinda con normalidad. Tambi\u00e9n se confirm\u00f3 que en el turno tarde se reactiva la presencialidad en\u00a0<strong>Uspallata<\/strong>\u00a0y en la\u00a0<strong>ciudad de Tupungato<\/strong>, donde las condiciones clim\u00e1ticas han mejorado.<\/p>\n\n\n\n<p>Seg\u00fan inform\u00f3 el Gobierno provincial, la decisi\u00f3n se tom\u00f3 siguiendo las recomendaciones de Defensa Civil, ante el riesgo que representa la transitabilidad en esas zonas.&nbsp;<\/p>\n\n\n\n<p>Durante la jornada, las escuelas afectadas deber\u00e1n continuar sus actividades en modalidad virtual, utilizando la plataforma oficial&nbsp;<strong>Escuela Digital Mendoza<\/strong>, seg\u00fan detallaron desde la cartera educativa.<\/p>\n\n\n\n<p>La DGE continuar\u00e1 monitoreando el estado del tiempo en coordinaci\u00f3n con Defensa Civil para evaluar posibles medidas durante los pr\u00f3ximos d\u00edas.<\/p>\n\n\n\n<p><strong>Fuente: www.mendozapost.com<\/strong><\/p>\n","protected":false},"excerpt":{"rendered":"<p>La&nbsp;Direcci\u00f3n General de Escuelas (DGE)&nbsp;actualiz\u00f3 la informaci\u00f3n sobre el dictado de clases presenciales en el&nbsp;turno tarde&nbsp;para este martes por las condiciones del tiempo.&nbsp; En esta direcci\u00f3n, al igual que en el turno ma\u00f1ana,&nbsp;las clases presenciales contin\u00faan suspendidas en diversas localidades de alta monta\u00f1a&nbsp;debido a las intensas nevadas, lluvias y las condiciones adversas en los caminos [&hellip;]<\/p>\n","protected":false},"author":2,"featured_media":13160,"comment_status":"open","ping_status":"open","sticky":false,"template":"","format":"standard","meta":[],"categories":[50],"tags":[],"_links":{"self":[{"href":"https:\/\/pasaenmendoza.com\/index.php?rest_route=\/wp\/v2\/posts\/13159"}],"collection":[{"href":"https:\/\/pasaenmendoza.com\/index.php?rest_route=\/wp\/v2\/posts"}],"about":[{"href":"https:\/\/pasaenmendoza.com\/index.php?rest_route=\/wp\/v2\/types\/post"}],"author":[{"embeddable":true,"href":"https:\/\/pasaenmendoza.com\/index.php?rest_route=\/wp\/v2\/users\/2"}],"replies":[{"embeddable":true,"href":"https:\/\/pasaenmendoza.com\/index.php?rest_route=%2Fwp%2Fv2%2Fcomments&post=13159"}],"version-history":[{"count":1,"href":"https:\/\/pasaenmendoza.com\/index.php?rest_route=\/wp\/v2\/posts\/13159\/revisions"}],"predecessor-version":[{"id":13161,"href":"https:\/\/pasaenmendoza.com\/index.php?rest_route=\/wp\/v2\/posts\/13159\/revisions\/13161"}],"wp:featuredmedia":[{"embeddable":true,"href":"https:\/\/pasaenmendoza.com\/index.php?rest_route=\/wp\/v2\/media\/13160"}],"wp:attachment":[{"href":"https:\/\/pasaenmendoza.com\/index.php?rest_route=%2Fwp%2Fv2%2Fmedia&parent=13159"}],"wp:term":[{"taxonomy":"category","embeddable":true,"href":"https:\/\/pasaenmendoza.com\/index.php?rest_route=%2Fwp%2Fv2%2Fcategories&post=13159"},{"taxonomy":"post_tag","embeddable":true,"href":"https:\/\/pasaenmendoza.com\/index.php?rest_route=%2Fwp%2Fv2%2Ftags&post=13159"}],"curies":[{"name":"wp","href":"https:\/\/api.w.org\/{rel}","templated":true}]}}