{"id":13162,"date":"2025-05-28T00:00:10","date_gmt":"2025-05-27T22:00:10","guid":{"rendered":"https:\/\/pasaenmendoza.com\/?p=13162"},"modified":"2025-05-28T00:00:11","modified_gmt":"2025-05-27T22:00:11","slug":"habilitaron-el-paso-cristo-redentor-para-todo-tipo-de-vehiculos-las-24-horas","status":"publish","type":"post","link":"https:\/\/pasaenmendoza.com\/?p=13162","title":{"rendered":"Habilitaron el Paso Cristo Redentor para todo tipo de veh\u00edculos las 24 horas"},"content":{"rendered":"\n<p>Las autoridades habilitaron el tr\u00e1nsito para todo tipo de veh\u00edculos en el\u00a0<strong>Paso Cristo Redentor<\/strong>\u00a0desde las 15 de este martes y durante las 24 horas. Estuvo cerrado desde la noche del domingo por las\u00a0<strong>nevadas\u00a0<\/strong>en ambos lados de la cordillera.<\/p>\n\n\n\n<p>&#8220;Se comunica a los usuarios que este martes a partir de las 15 de nuestro pa\u00eds, el<strong>\u00a0paso internacional<\/strong>\u00a0quedar\u00e1 habilitado en ambos sentidos para todo tipo de veh\u00edculos&#8221;, inform\u00f3 el coordinador argentino Justo Jos\u00e9 B\u00e1scolo.<\/p>\n\n\n\n<p>En el comunicado agreg\u00f3: &#8220;Se recomienda tener precauci\u00f3n por voladura de&nbsp;<strong>nieve<\/strong>&nbsp;sobre la calzada y probable formaci\u00f3n de&nbsp;<strong>hielo&nbsp;<\/strong>en sectores con sombra&#8221;.<\/p>\n\n\n\n<p>Adem\u00e1s, el coordinador del\u00a0<strong>Paso Cristo Redentor<\/strong>\u00a0record\u00f3 que quienes planeen viajar hacia la cordillera o hacia\u00a0<strong>Chile\u00a0<\/strong>se informen antes de hacerlo\u00a0a trav\u00e9s de la web oficial.<\/p>\n\n\n\n<h2 class=\"wp-block-heading\">Paso Cristo Redentor estuvo cerrado por nevadas<\/h2>\n\n\n\n<p>El domingo a las 20 los coordinadores del paso a&nbsp;<strong>Chile&nbsp;<\/strong>definieron hacer el corte para quienes deb\u00edan viajar hacia el otro lado de la frontera. La interrupci\u00f3n se hizo en Uspallata del lado argentino y en Guardia Vieja en el vecino pa\u00eds, mientras que las aduanas trabajaron hasta las 22 cuando recibieron al \u00faltimo veh\u00edculo.<\/p>\n\n\n\n<p>Las\u00a0<strong>nevadas\u00a0<\/strong>comenzaron en la madrugada del lunes y se mantuvieron durante todo el d\u00eda, lo que imposibilit\u00f3 que se habilitara el tr\u00e1nsito ya continuaba la precipitaci\u00f3n y no se pod\u00eda despejar la calzada.<\/p>\n\n\n\n<p>Este martes las nevadas se cortaron y el pron\u00f3stico del tiempo se mantendr\u00e1 estable y sin inestabilidad por los pr\u00f3ximos d\u00edas, lo que favorece a una transitabilidad de veh\u00edculos m\u00e1s segura por el\u00a0<strong>Paso Cristo Redentor<\/strong>.<\/p>\n\n\n\n<p><strong>Fuente: www.diariouno.com.ar<\/strong><\/p>\n","protected":false},"excerpt":{"rendered":"<p>Las autoridades habilitaron el tr\u00e1nsito para todo tipo de veh\u00edculos en el\u00a0Paso Cristo Redentor\u00a0desde las 15 de este martes y durante las 24 horas. Estuvo cerrado desde la noche del domingo por las\u00a0nevadas\u00a0en ambos lados de la cordillera. &#8220;Se comunica a los usuarios que este martes a partir de las 15 de nuestro pa\u00eds, el\u00a0paso [&hellip;]<\/p>\n","protected":false},"author":2,"featured_media":13163,"comment_status":"open","ping_status":"open","sticky":false,"template":"","format":"standard","meta":[],"categories":[66],"tags":[],"_links":{"self":[{"href":"https:\/\/pasaenmendoza.com\/index.php?rest_route=\/wp\/v2\/posts\/13162"}],"collection":[{"href":"https:\/\/pasaenmendoza.com\/index.php?rest_route=\/wp\/v2\/posts"}],"about":[{"href":"https:\/\/pasaenmendoza.com\/index.php?rest_route=\/wp\/v2\/types\/post"}],"author":[{"embeddable":true,"href":"https:\/\/pasaenmendoza.com\/index.php?rest_route=\/wp\/v2\/users\/2"}],"replies":[{"embeddable":true,"href":"https:\/\/pasaenmendoza.com\/index.php?rest_route=%2Fwp%2Fv2%2Fcomments&post=13162"}],"version-history":[{"count":1,"href":"https:\/\/pasaenmendoza.com\/index.php?rest_route=\/wp\/v2\/posts\/13162\/revisions"}],"predecessor-version":[{"id":13164,"href":"https:\/\/pasaenmendoza.com\/index.php?rest_route=\/wp\/v2\/posts\/13162\/revisions\/13164"}],"wp:featuredmedia":[{"embeddable":true,"href":"https:\/\/pasaenmendoza.com\/index.php?rest_route=\/wp\/v2\/media\/13163"}],"wp:attachment":[{"href":"https:\/\/pasaenmendoza.com\/index.php?rest_route=%2Fwp%2Fv2%2Fmedia&parent=13162"}],"wp:term":[{"taxonomy":"category","embeddable":true,"href":"https:\/\/pasaenmendoza.com\/index.php?rest_route=%2Fwp%2Fv2%2Fcategories&post=13162"},{"taxonomy":"post_tag","embeddable":true,"href":"https:\/\/pasaenmendoza.com\/index.php?rest_route=%2Fwp%2Fv2%2Ftags&post=13162"}],"curies":[{"name":"wp","href":"https:\/\/api.w.org\/{rel}","templated":true}]}}