{"id":13171,"date":"2025-05-28T00:26:53","date_gmt":"2025-05-27T22:26:53","guid":{"rendered":"https:\/\/pasaenmendoza.com\/?p=13171"},"modified":"2025-05-28T00:26:54","modified_gmt":"2025-05-27T22:26:54","slug":"hebe-casado-firmo-su-afiliacion-a-la-libertad-avanza-y-espera-la-aprobacion-de-correa-llano","status":"publish","type":"post","link":"https:\/\/pasaenmendoza.com\/?p=13171","title":{"rendered":"Hebe Casado firm\u00f3 su afiliaci\u00f3n a La Libertad Avanza y espera la aprobaci\u00f3n de Correa Llano"},"content":{"rendered":"\n<p>La vicegobernadora\u00a0<strong>Hebe Casado<\/strong>\u00a0llen\u00f3 este martes la ficha de afiliaci\u00f3n partidaria a\u00a0<strong>La Libertad Avanza<\/strong>\u00a0pero debe esperar la buena voluntad del presidente del partido en Mendoza,\u00a0<strong>Facundo Correa Llano<\/strong>, para que entregue el formulario a la Justicia Electoral.<\/p>\n\n\n\n<p>La ex PRO ya ha cosechado el visto bueno de referentes nacionales. Por ejemplo, de la m\u00e1xima autoridad de la agrupaci\u00f3n a nivel nacional, Mart\u00edn Menem, quien le dio la bienvenida informal a las &#8220;fuerzas del cielo&#8221; la semana pasada en Buenos Aires. Sin embargo, la posibilidad de que no la acepte es real por la tensa relaci\u00f3n que ambos mantienen.<\/p>\n\n\n\n<p>Este martes, a su vez,\u00a0<strong>Correa Llano<\/strong>\u00a0estuvo reunido con el presidente\u00a0<strong>Javier Milei<\/strong>\u00a0en la exposici\u00f3n que dio el economista libertario sobre dolarizaci\u00f3n y una radiograf\u00eda de la situaci\u00f3n del pa\u00eds.<\/p>\n\n\n\n<h2 class=\"wp-block-heading\">Las peleas entre Hebe Casado y Facundo Correa Llano<\/h2>\n\n\n\n<p>Ambos han protagonizado una serie de desencuentros: en el \u00faltimo evento libertario en el que particip\u00f3&nbsp;<strong>Casado<\/strong>&nbsp;-a pesar de que no hab\u00eda formalizado su pase a LLA- hubo denuncias por supuestos transportes pagos para la militancia y presuntos pagos a personas para llenar el espacio.<\/p>\n\n\n\n<p>El acto le sirvi\u00f3 a\u00a0<strong>Correa Llano<\/strong>\u00a0para continuar distanci\u00e1ndose de la vicegobernadora: &#8220;Rechazamos categ\u00f3ricamente los actos de clientelismo y cuando uno ve en testimonios y en diferentes medios period\u00edsticos ese tipo de actividades y acciones, lo \u00fanico que podemos hacer es repudiarlo absolutamente. Entendimos que el comunicado era el instrumento adecuado para eso y para aclarar que el partido de La Libertad Avanza no particip\u00f3 de dicho evento&#8221;.<\/p>\n\n\n\n<p>El diputado nacional marc\u00f3 la cancha y afirm\u00f3 que es \u00e9l quien construye la representaci\u00f3n partidaria en toda la provincia. En la misma declaraci\u00f3n, tambi\u00e9n resolvi\u00f3 una duda \u00bflos libertarios est\u00e1n dispuestos a formalizar una alianza con Cambia Mendoza, como sostiene\u00a0<strong>Casado?<\/strong><\/p>\n\n\n\n<p>Respondi\u00f3: &#8220;Hoy no hay acuerdo pol\u00edtico, lo que hay es una elecci\u00f3n en octubre de este a\u00f1o, una elecci\u00f3n de diputados nacionales y estamos trabajando para tener nuestros diputados nacionales del partido de&nbsp;<strong>La Libertad de Avanza<\/strong>&nbsp;para poder reforzar la presencia que tenemos en la C\u00e1mara de Diputados&#8221;.<\/p>\n\n\n\n<h2 class=\"wp-block-heading\">El otro frente abierto de Hebe Casado pero con los &#8220;trolls&#8221;<\/h2>\n\n\n\n<p><strong>Casado<\/strong>\u00a0fue v\u00edctima -seg\u00fan denunci\u00f3 en sus redes sociales y en la Justicia- del ataque de los bautizados trolls de las redes sociales, que no son otra cosa que divulgadores de falsas noticias con el fin de ensuciar a dirigentes pol\u00edticos. El m\u00e1s pol\u00e9mico fue cuando uno de ellos public\u00f3 sus datos personales en X.<\/p>\n\n\n\n<p>Otro escribi\u00f3 en sus redes sociales que Juan Domingo Per\u00f3n, si estuviese vivo, &#8220;ordenar\u00eda la muerte de&nbsp;<strong>Hebe Casado<\/strong>, Alfredo Cornejo y a varios que est\u00e1n alrededor de ellos por traidores a la Patria&#8221;. Un tercero, de acuerdo a la denuncia de la ex PRO, entr\u00f3 a su oficina para filmarla.<\/p>\n\n\n\n<p>Los tres hechos motivaron a que el equipo legal de\u00a0<strong>Hebe Casado<\/strong>\u00a0presentara una denuncia en el Ministerio P\u00fablico Fiscal para que se investigue a un grupo de personas por amenazas y delitos contra la libertad individual que se tipifican en el art\u00edculo 155 del C\u00f3digo Penal. La denuncia qued\u00f3 radicada bajo la causa D-56806\/25.<\/p>\n\n\n\n<p><strong>Fuente: www.diariouno.com.ar<\/strong><\/p>\n","protected":false},"excerpt":{"rendered":"<p>La vicegobernadora\u00a0Hebe Casado\u00a0llen\u00f3 este martes la ficha de afiliaci\u00f3n partidaria a\u00a0La Libertad Avanza\u00a0pero debe esperar la buena voluntad del presidente del partido en Mendoza,\u00a0Facundo Correa Llano, para que entregue el formulario a la Justicia Electoral. La ex PRO ya ha cosechado el visto bueno de referentes nacionales. Por ejemplo, de la m\u00e1xima autoridad de la [&hellip;]<\/p>\n","protected":false},"author":2,"featured_media":13172,"comment_status":"open","ping_status":"open","sticky":false,"template":"","format":"standard","meta":[],"categories":[47],"tags":[],"_links":{"self":[{"href":"https:\/\/pasaenmendoza.com\/index.php?rest_route=\/wp\/v2\/posts\/13171"}],"collection":[{"href":"https:\/\/pasaenmendoza.com\/index.php?rest_route=\/wp\/v2\/posts"}],"about":[{"href":"https:\/\/pasaenmendoza.com\/index.php?rest_route=\/wp\/v2\/types\/post"}],"author":[{"embeddable":true,"href":"https:\/\/pasaenmendoza.com\/index.php?rest_route=\/wp\/v2\/users\/2"}],"replies":[{"embeddable":true,"href":"https:\/\/pasaenmendoza.com\/index.php?rest_route=%2Fwp%2Fv2%2Fcomments&post=13171"}],"version-history":[{"count":1,"href":"https:\/\/pasaenmendoza.com\/index.php?rest_route=\/wp\/v2\/posts\/13171\/revisions"}],"predecessor-version":[{"id":13173,"href":"https:\/\/pasaenmendoza.com\/index.php?rest_route=\/wp\/v2\/posts\/13171\/revisions\/13173"}],"wp:featuredmedia":[{"embeddable":true,"href":"https:\/\/pasaenmendoza.com\/index.php?rest_route=\/wp\/v2\/media\/13172"}],"wp:attachment":[{"href":"https:\/\/pasaenmendoza.com\/index.php?rest_route=%2Fwp%2Fv2%2Fmedia&parent=13171"}],"wp:term":[{"taxonomy":"category","embeddable":true,"href":"https:\/\/pasaenmendoza.com\/index.php?rest_route=%2Fwp%2Fv2%2Fcategories&post=13171"},{"taxonomy":"post_tag","embeddable":true,"href":"https:\/\/pasaenmendoza.com\/index.php?rest_route=%2Fwp%2Fv2%2Ftags&post=13171"}],"curies":[{"name":"wp","href":"https:\/\/api.w.org\/{rel}","templated":true}]}}