{"id":13174,"date":"2025-05-28T15:22:02","date_gmt":"2025-05-28T13:22:02","guid":{"rendered":"https:\/\/pasaenmendoza.com\/?p=13174"},"modified":"2025-05-28T15:22:03","modified_gmt":"2025-05-28T13:22:03","slug":"miercoles-muy-frio-con-temperaturas-bajo-cero-y-heladas-parciales","status":"publish","type":"post","link":"https:\/\/pasaenmendoza.com\/?p=13174","title":{"rendered":"Mi\u00e9rcoles muy fr\u00edo, con temperaturas bajo cero y heladas parciales"},"content":{"rendered":"\n<p>Tras el ingreso de la&nbsp;<strong>ola polar,<\/strong>&nbsp;lleg\u00f3 el&nbsp;<strong>fr\u00edo a Mendoza<\/strong>, con temperaturas bajo cero, y heladas parciales. Adem\u00e1s, se prev\u00e9n bancos de niebla y neblinas, por sectores.<\/p>\n\n\n\n<p>De acuerdo con lo anunciado por la Direcci\u00f3n de Contingencias Clim\u00e1ticas, para este mi\u00e9rcoles se pronostica: \u201cNubosidad en disminuci\u00f3n y frio con leve ascenso de la temperatura, heladas parciales\u201d. &nbsp;<strong>La m\u00ednima ser\u00e1 de -1 grados y la m\u00e1xima de 13.<\/strong><\/p>\n\n\n\n<p>El\u00a0<strong>jueves<\/strong>\u00a0estar\u00e1 con poca nubosidad con ascenso de la temperatura y heladas parciales.\u00a0<strong>La m\u00ednima ser\u00e1 de 0 grados y la m\u00e1xima de 15.<\/strong><\/p>\n\n\n\n<p><strong>Fuente: www.elsol.com.ar<\/strong><\/p>\n","protected":false},"excerpt":{"rendered":"<p>Tras el ingreso de la&nbsp;ola polar,&nbsp;lleg\u00f3 el&nbsp;fr\u00edo a Mendoza, con temperaturas bajo cero, y heladas parciales. Adem\u00e1s, se prev\u00e9n bancos de niebla y neblinas, por sectores. De acuerdo con lo anunciado por la Direcci\u00f3n de Contingencias Clim\u00e1ticas, para este mi\u00e9rcoles se pronostica: \u201cNubosidad en disminuci\u00f3n y frio con leve ascenso de la temperatura, heladas parciales\u201d. [&hellip;]<\/p>\n","protected":false},"author":2,"featured_media":13175,"comment_status":"open","ping_status":"open","sticky":false,"template":"","format":"standard","meta":[],"categories":[52],"tags":[],"_links":{"self":[{"href":"https:\/\/pasaenmendoza.com\/index.php?rest_route=\/wp\/v2\/posts\/13174"}],"collection":[{"href":"https:\/\/pasaenmendoza.com\/index.php?rest_route=\/wp\/v2\/posts"}],"about":[{"href":"https:\/\/pasaenmendoza.com\/index.php?rest_route=\/wp\/v2\/types\/post"}],"author":[{"embeddable":true,"href":"https:\/\/pasaenmendoza.com\/index.php?rest_route=\/wp\/v2\/users\/2"}],"replies":[{"embeddable":true,"href":"https:\/\/pasaenmendoza.com\/index.php?rest_route=%2Fwp%2Fv2%2Fcomments&post=13174"}],"version-history":[{"count":1,"href":"https:\/\/pasaenmendoza.com\/index.php?rest_route=\/wp\/v2\/posts\/13174\/revisions"}],"predecessor-version":[{"id":13176,"href":"https:\/\/pasaenmendoza.com\/index.php?rest_route=\/wp\/v2\/posts\/13174\/revisions\/13176"}],"wp:featuredmedia":[{"embeddable":true,"href":"https:\/\/pasaenmendoza.com\/index.php?rest_route=\/wp\/v2\/media\/13175"}],"wp:attachment":[{"href":"https:\/\/pasaenmendoza.com\/index.php?rest_route=%2Fwp%2Fv2%2Fmedia&parent=13174"}],"wp:term":[{"taxonomy":"category","embeddable":true,"href":"https:\/\/pasaenmendoza.com\/index.php?rest_route=%2Fwp%2Fv2%2Fcategories&post=13174"},{"taxonomy":"post_tag","embeddable":true,"href":"https:\/\/pasaenmendoza.com\/index.php?rest_route=%2Fwp%2Fv2%2Ftags&post=13174"}],"curies":[{"name":"wp","href":"https:\/\/api.w.org\/{rel}","templated":true}]}}