{"id":13187,"date":"2025-05-28T23:18:07","date_gmt":"2025-05-28T21:18:07","guid":{"rendered":"https:\/\/pasaenmendoza.com\/?p=13187"},"modified":"2025-05-28T23:18:08","modified_gmt":"2025-05-28T21:18:08","slug":"simulacros-en-vivo-asi-testearon-las-taser-que-usara-la-policia-de-mendoza","status":"publish","type":"post","link":"https:\/\/pasaenmendoza.com\/?p=13187","title":{"rendered":"Simulacros en vivo: as\u00ed testearon las Taser que usar\u00e1 la polic\u00eda de Mendoza"},"content":{"rendered":"\n<p>El gobernador Alfredo Cornejo y la ministra Mercedes Rus presentaron este mi\u00e9rcoles la resoluci\u00f3n que habilita el uso de armas no letales por parte de la polic\u00eda provincial. Durante el acto, que se llev\u00f3 adelante en la Base C\u00f3ndor, se realizaron simulaciones operativas y se anticip\u00f3 la incorporaci\u00f3n de\u00a0<strong>130 dispositivos Taser\u00a0<\/strong>en los pr\u00f3ximos 60 d\u00edas.<\/p>\n\n\n\n<p>La presentaci\u00f3n se realiz\u00f3 durante una demostraci\u00f3n en terreno organizada por las Fuerzas de Operaciones Especiales (FOE), que incluy\u00f3 simulacros de situaciones reales como un caso de violencia de g\u00e9nero, un atrincheramiento y la reducci\u00f3n de una persona alterada en la v\u00eda p\u00fablica.<\/p>\n\n\n\n<p>Los videos de estos entrenamientos mostraron c\u00f3mo actuar\u00e1n los efectivos en escenarios cr\u00edticos sin necesidad de recurrir a armas letales.<\/p>\n\n\n\n<p>Durante el acto, Cornejo y Rus detallaron que la provincia adquirir\u00e1 100 dispositivos para la polic\u00eda de Mendoza y otros 30 para preventores de Ciudad de Mendoza, que estar\u00e1n disponibles para el uso policial dentro de un plazo estimado de 45 a 60 d\u00edas. La medida tambi\u00e9n incluye la adquisici\u00f3n de 300 cartuchos de larga y corta distancia.<\/p>\n\n\n\n<p>Mendoza fue la primera provincia en incorporar estos dispositivos en 2006 y cuenta con un protocolo espec\u00edfico que regula su uso, detallando los momentos y circunstancias en los que deben ser empleados.<\/p>\n\n\n\n<p>Eran de uso exclusivo de la Fuerza de Operaciones Especiales (FOE) cuyos cuerpos especializados, como el Grupo Especial de Seguridad (GES) y el Grupo de Resoluci\u00f3n de Incidentes y Secuestros (GRIS), las utilizaban en situaciones espec\u00edficas como secuestros extorsivos, atrincheramientos y restricciones a la libertad, entre otros.<\/p>\n\n\n\n<p>Es por eso que para su implementaci\u00f3n, los efectivos policiales deber\u00e1n atravesar una capacitaci\u00f3n espec\u00edfica en el uso de este tipo de armamento.<\/p>\n\n\n\n<p><strong>Fuente: www.elsol.com.ar<\/strong><\/p>\n","protected":false},"excerpt":{"rendered":"<p>El gobernador Alfredo Cornejo y la ministra Mercedes Rus presentaron este mi\u00e9rcoles la resoluci\u00f3n que habilita el uso de armas no letales por parte de la polic\u00eda provincial. Durante el acto, que se llev\u00f3 adelante en la Base C\u00f3ndor, se realizaron simulaciones operativas y se anticip\u00f3 la incorporaci\u00f3n de\u00a0130 dispositivos Taser\u00a0en los pr\u00f3ximos 60 d\u00edas. [&hellip;]<\/p>\n","protected":false},"author":2,"featured_media":13188,"comment_status":"open","ping_status":"open","sticky":false,"template":"","format":"standard","meta":[],"categories":[48],"tags":[],"_links":{"self":[{"href":"https:\/\/pasaenmendoza.com\/index.php?rest_route=\/wp\/v2\/posts\/13187"}],"collection":[{"href":"https:\/\/pasaenmendoza.com\/index.php?rest_route=\/wp\/v2\/posts"}],"about":[{"href":"https:\/\/pasaenmendoza.com\/index.php?rest_route=\/wp\/v2\/types\/post"}],"author":[{"embeddable":true,"href":"https:\/\/pasaenmendoza.com\/index.php?rest_route=\/wp\/v2\/users\/2"}],"replies":[{"embeddable":true,"href":"https:\/\/pasaenmendoza.com\/index.php?rest_route=%2Fwp%2Fv2%2Fcomments&post=13187"}],"version-history":[{"count":1,"href":"https:\/\/pasaenmendoza.com\/index.php?rest_route=\/wp\/v2\/posts\/13187\/revisions"}],"predecessor-version":[{"id":13189,"href":"https:\/\/pasaenmendoza.com\/index.php?rest_route=\/wp\/v2\/posts\/13187\/revisions\/13189"}],"wp:featuredmedia":[{"embeddable":true,"href":"https:\/\/pasaenmendoza.com\/index.php?rest_route=\/wp\/v2\/media\/13188"}],"wp:attachment":[{"href":"https:\/\/pasaenmendoza.com\/index.php?rest_route=%2Fwp%2Fv2%2Fmedia&parent=13187"}],"wp:term":[{"taxonomy":"category","embeddable":true,"href":"https:\/\/pasaenmendoza.com\/index.php?rest_route=%2Fwp%2Fv2%2Fcategories&post=13187"},{"taxonomy":"post_tag","embeddable":true,"href":"https:\/\/pasaenmendoza.com\/index.php?rest_route=%2Fwp%2Fv2%2Ftags&post=13187"}],"curies":[{"name":"wp","href":"https:\/\/api.w.org\/{rel}","templated":true}]}}