{"id":13193,"date":"2025-05-28T23:30:42","date_gmt":"2025-05-28T21:30:42","guid":{"rendered":"https:\/\/pasaenmendoza.com\/?p=13193"},"modified":"2025-05-28T23:30:43","modified_gmt":"2025-05-28T21:30:43","slug":"mendoza-refuerza-la-asistencia-a-personas-en-situacion-de-calle-durante-la-ola-de-frio","status":"publish","type":"post","link":"https:\/\/pasaenmendoza.com\/?p=13193","title":{"rendered":"Mendoza refuerza la asistencia a personas en situaci\u00f3n de calle durante la ola de fr\u00edo"},"content":{"rendered":"\n<p>La intensa\u00a0<strong>ola polar<\/strong>\u00a0que ingres\u00f3 este martes a\u00a0<strong>Mendoza<\/strong>\u00a0y se extender\u00eda hasta el\u00a0<strong>jueves<\/strong>, gener\u00f3 un\u00a0<strong>aumento en la demanda de asistencia<\/strong>\u00a0para\u00a0personas en situaci\u00f3n de calle.\u00a0En respuesta, tanto el\u00a0<strong>Gobierno provincial<\/strong>\u00a0como diversas\u00a0<strong>organizaciones sociales<\/strong>\u00a0pusieron en marcha operativos especiales para mitigar el impacto del fr\u00edo extremo.<\/p>\n\n\n\n<h3 class=\"wp-block-heading\"><strong>Operativo oficial en marcha<\/strong><\/h3>\n\n\n\n<p>Desde la\u00a0<strong>Direcci\u00f3n de Contingencia Social<\/strong>, dependiente del\u00a0<strong>Ministerio de Gobierno, Infraestructura y Desarrollo Territorial<\/strong>, se inform\u00f3 que se est\u00e1 realizando un\u00a0<strong>abordaje integral<\/strong>\u00a0de la problem\u00e1tica, que incluye\u00a0traslados a albergues, ayuda para el pago de pensiones y acompa\u00f1amiento en tr\u00e1mites esenciales.<\/p>\n\n\n\n<p><strong>Priscila Segura<\/strong>, titular del \u00e1rea, detall\u00f3 que los operativos se realizan en conjunto con\u00a0<strong>municipios como Capital y Guaymall\u00e9n<\/strong>, y que el lunes por la noche\u00a0<strong>25 personas fueron abordadas<\/strong>, algunas de las cuales\u00a0<strong>aceptaron ser trasladadas a refugios<\/strong>.<\/p>\n\n\n\n<p>Los albergues habilitados incluyen:<\/p>\n\n\n\n<p><strong>Remar Hombres<\/strong><\/p>\n\n\n\n<p><strong>Remar Mujeres<\/strong>&nbsp;(el \u00fanico destinado a mujeres)<\/p>\n\n\n\n<p><strong>Red Puente<\/strong><\/p>\n\n\n\n<p><strong>El Camino<\/strong><\/p>\n\n\n\n<p>Tambi\u00e9n se brinda&nbsp;<strong>ayuda econ\u00f3mica para alquileres o pensiones<\/strong>, siempre que la persona lo acepte, y se facilita la gesti\u00f3n de&nbsp;<strong>tr\u00e1mites como el DNI<\/strong>&nbsp;o el acceso a&nbsp;<strong>servicios de salud, discapacidad y adultos mayores<\/strong>.<\/p>\n\n\n\n<p>La\u00a0<strong>Direcci\u00f3n de Contingencia Social<\/strong>\u00a0atiende de\u00a0<strong>8 a 24 horas<\/strong>\u00a0en\u00a0<strong>San Mart\u00edn 2520<\/strong>. Guardia activa:\u00a0<strong>261 559-2975<\/strong>.<\/p>\n\n\n\n<h3 class=\"wp-block-heading\"><strong>El trabajo de las fundaciones<\/strong><\/h3>\n\n\n\n<h4 class=\"wp-block-heading\"><strong>Puente Vincular<\/strong><\/h4>\n\n\n\n<p>Esta fundaci\u00f3n trabaja en la&nbsp;<strong>restituci\u00f3n de derechos y acompa\u00f1amiento<\/strong>&nbsp;de personas en situaci\u00f3n de calle. Sus voluntarios recorren la ciudad cada domingo, pero durante la ola de fr\u00edo est\u00e1n realizando&nbsp;<strong>salidas adicionales entre semana<\/strong>&nbsp;para ofrecer&nbsp;<strong>comida caliente y abrigo<\/strong>.<\/p>\n\n\n\n<p><strong>Campa\u00f1a solidaria activa:<\/strong><\/p>\n\n\n\n<p><strong>Se reciben donaciones de sopas instant\u00e1neas y frazadas<\/strong><\/p>\n\n\n\n<p>No se solicita m\u00e1s ropa de abrigo por el momento<\/p>\n\n\n\n<p>Lugares de entrega:<\/p>\n\n\n\n<p>Centro de Estudiantes de&nbsp;<strong>Ciencias Econ\u00f3micas (UNCuyo)<\/strong><\/p>\n\n\n\n<p>Centro de Estudiantes de&nbsp;<strong>Derecho (UNCuyo)<\/strong><\/p>\n\n\n\n<p>Espacio&nbsp;<strong>FUCUYO<\/strong><\/p>\n\n\n\n<p>Aportes econ\u00f3micos:<\/p>\n\n\n\n<p><strong>Alias Mercado Pago:<\/strong>&nbsp;puentevincular<\/p>\n\n\n\n<p><strong>Alias Banco Credicoop:<\/strong>&nbsp;PUNTE.VINCULAR<\/p>\n\n\n\n<h4 class=\"wp-block-heading\"><strong>Pastoral de la Calle<\/strong><\/h4>\n\n\n\n<p>Esta organizaci\u00f3n tambi\u00e9n refuerza su labor durante la emergencia. A sus habituales&nbsp;<strong>almuerzos de los martes<\/strong>, sumaron&nbsp;<strong>recorridas de emergencia<\/strong>&nbsp;para entregar&nbsp;<strong>comida caliente y ropa de abrigo<\/strong>.<\/p>\n\n\n\n<p>Gracias a una campa\u00f1a previa, ya distribuyeron m\u00e1s de&nbsp;<strong>100 bolsas con frazadas y abrigos<\/strong>. Actualmente, solicitan:<\/p>\n\n\n\n<p><strong>Frazadas<\/strong><\/p>\n\n\n\n<p><strong>Camperas<\/strong><\/p>\n\n\n\n<p><strong>Nylon para protecci\u00f3n contra la intemperie<\/strong><\/p>\n\n\n\n<h3 class=\"wp-block-heading\"><strong>Solidaridad ante el fr\u00edo extremo<\/strong><\/h3>\n\n\n\n<p>El pron\u00f3stico prev\u00e9\u00a0<strong>temperaturas bajo cero<\/strong>\u00a0durante las pr\u00f3ximas noches, por lo que el\u00a0<strong>trabajo conjunto entre el Estado y las organizaciones civiles<\/strong>\u00a0resulta fundamental para asistir a quienes viven en la calle.<\/p>\n\n\n\n<p>Tanto la\u00a0<strong>asistencia inmediata<\/strong>\u00a0como las\u00a0<strong>donaciones solidarias<\/strong>\u00a0son clave para\u00a0<strong>prevenir situaciones cr\u00edticas de salud<\/strong>\u00a0durante esta ola polar.<\/p>\n\n\n\n<p><strong>Fuente: www.diariomendoza.com.ar<\/strong><\/p>\n","protected":false},"excerpt":{"rendered":"<p>La intensa\u00a0ola polar\u00a0que ingres\u00f3 este martes a\u00a0Mendoza\u00a0y se extender\u00eda hasta el\u00a0jueves, gener\u00f3 un\u00a0aumento en la demanda de asistencia\u00a0para\u00a0personas en situaci\u00f3n de calle.\u00a0En respuesta, tanto el\u00a0Gobierno provincial\u00a0como diversas\u00a0organizaciones sociales\u00a0pusieron en marcha operativos especiales para mitigar el impacto del fr\u00edo extremo. Operativo oficial en marcha Desde la\u00a0Direcci\u00f3n de Contingencia Social, dependiente del\u00a0Ministerio de Gobierno, Infraestructura y Desarrollo [&hellip;]<\/p>\n","protected":false},"author":2,"featured_media":13194,"comment_status":"open","ping_status":"open","sticky":false,"template":"","format":"standard","meta":[],"categories":[50],"tags":[],"_links":{"self":[{"href":"https:\/\/pasaenmendoza.com\/index.php?rest_route=\/wp\/v2\/posts\/13193"}],"collection":[{"href":"https:\/\/pasaenmendoza.com\/index.php?rest_route=\/wp\/v2\/posts"}],"about":[{"href":"https:\/\/pasaenmendoza.com\/index.php?rest_route=\/wp\/v2\/types\/post"}],"author":[{"embeddable":true,"href":"https:\/\/pasaenmendoza.com\/index.php?rest_route=\/wp\/v2\/users\/2"}],"replies":[{"embeddable":true,"href":"https:\/\/pasaenmendoza.com\/index.php?rest_route=%2Fwp%2Fv2%2Fcomments&post=13193"}],"version-history":[{"count":1,"href":"https:\/\/pasaenmendoza.com\/index.php?rest_route=\/wp\/v2\/posts\/13193\/revisions"}],"predecessor-version":[{"id":13195,"href":"https:\/\/pasaenmendoza.com\/index.php?rest_route=\/wp\/v2\/posts\/13193\/revisions\/13195"}],"wp:featuredmedia":[{"embeddable":true,"href":"https:\/\/pasaenmendoza.com\/index.php?rest_route=\/wp\/v2\/media\/13194"}],"wp:attachment":[{"href":"https:\/\/pasaenmendoza.com\/index.php?rest_route=%2Fwp%2Fv2%2Fmedia&parent=13193"}],"wp:term":[{"taxonomy":"category","embeddable":true,"href":"https:\/\/pasaenmendoza.com\/index.php?rest_route=%2Fwp%2Fv2%2Fcategories&post=13193"},{"taxonomy":"post_tag","embeddable":true,"href":"https:\/\/pasaenmendoza.com\/index.php?rest_route=%2Fwp%2Fv2%2Ftags&post=13193"}],"curies":[{"name":"wp","href":"https:\/\/api.w.org\/{rel}","templated":true}]}}