{"id":13206,"date":"2025-05-29T17:32:29","date_gmt":"2025-05-29T15:32:29","guid":{"rendered":"https:\/\/pasaenmendoza.com\/?p=13206"},"modified":"2025-05-29T17:32:30","modified_gmt":"2025-05-29T15:32:30","slug":"lo-capturaron-por-tirotear-a-un-nino-y-tambien-le-secuestraron-drogas","status":"publish","type":"post","link":"https:\/\/pasaenmendoza.com\/?p=13206","title":{"rendered":"Lo capturaron por tirotear a un ni\u00f1o y tambi\u00e9n le secuestraron drogas"},"content":{"rendered":"\n<p>Un joven de 24 a\u00f1os fue detenido este jueves por la ma\u00f1ana acusado de balear a un joven y a un ni\u00f1o de 11 a\u00f1os durante un ataque a tiros registrado durante la siesta del viernes pasado en las inmediaciones del barrio La Gloria, en Godoy Cruz. Durante la medida, el personal policial tambi\u00e9n secuestr\u00f3 drogas en peque\u00f1as cantidades.<\/p>\n\n\n\n<p>Se trata de\u00a0<strong>Nahuel Agust\u00edn G\u00f3mez Far\u00edas<\/strong>, quien fue capturado tras un allanamiento realizado por la\u00a0<strong>Unidad Investigativa de Godoy Cruz\u00a0<\/strong>en una vivienda del barrio Los Barrancos, ubicado en el complejo La Favorita, Capital.<\/p>\n\n\n\n<p>La medida fue dispuesta por la Unidad Fiscal de Homicidios y Violencia Institucional en el marco de la causa caratulada como homicidio agravado por el uso de arma de fuego en grado de tentativa.\u00a0<strong>G\u00f3mez presentaba un pedido de captura activo despu\u00e9s de que fuera sindicado como el autor de los disparos<\/strong>, y qued\u00f3 a disposici\u00f3n del fiscal Gustavo Pirrello, quien orden\u00f3 su traslado a la Comisar\u00eda Sexta de Capital.<\/p>\n\n\n\n<p>Durante el procedimiento, personal de la&nbsp;<strong>Polic\u00eda contra el Narcotr\u00e1fico&nbsp;<\/strong>(PCN) tambi\u00e9n secuestr\u00f3 43 envoltorios de marihuana con un peso total de 28,2 gramos y cinco envoltorios de coca\u00edna que totalizaban 1,8 gramos. La intervenci\u00f3n en este punto fue asumida por la Justicia Federal.<\/p>\n\n\n\n<p>El hecho por el que est\u00e1 sospechado ocurri\u00f3 el viernes pasado, cerca de las 14, en la zona lim\u00edtrofe entre\u00a0<strong>los barrios La Gloria y Tres Estrellas II<\/strong>, cerca del polideportivo del sector, tal como revel\u00f3\u00a0<em><strong>El Sol<\/strong><\/em>\u00a0en su momento.<\/p>\n\n\n\n<p>En ese lugar se desat\u00f3 un tiroteo que termin\u00f3 con un joven baleado en una pierna y un ni\u00f1o herido por el roce de una bala en la espalda cuando iba a visitar a su abuela. El menor fue trasladado al Hospital Notti y qued\u00f3 un d\u00eda en observaci\u00f3n. Al parecer, uno de los plomos impact\u00f3 en la espalda de la criatura, pero no alcanz\u00f3 a ingresar. De todas formas, el golpe del proyectil le provoc\u00f3 un severo trauma en ese sector del cuerpo.<\/p>\n\n\n\n<p>Tras la balacera, vecinos del sector se\u00f1alaron entonces su hartazgo por la violencia reiterada en el barrio, sobre todo luego del reciente crimen de\u00a0<strong>V\u00edctor Joel M\u00e9ndez\u00a0<\/strong>(26), asesinado a tiros unos d\u00edas antes.<\/p>\n\n\n\n<p><strong>Fuente: www.elsol.com.ar<\/strong><\/p>\n","protected":false},"excerpt":{"rendered":"<p>Un joven de 24 a\u00f1os fue detenido este jueves por la ma\u00f1ana acusado de balear a un joven y a un ni\u00f1o de 11 a\u00f1os durante un ataque a tiros registrado durante la siesta del viernes pasado en las inmediaciones del barrio La Gloria, en Godoy Cruz. Durante la medida, el personal policial tambi\u00e9n secuestr\u00f3 [&hellip;]<\/p>\n","protected":false},"author":2,"featured_media":13207,"comment_status":"open","ping_status":"open","sticky":false,"template":"","format":"standard","meta":[],"categories":[48],"tags":[],"_links":{"self":[{"href":"https:\/\/pasaenmendoza.com\/index.php?rest_route=\/wp\/v2\/posts\/13206"}],"collection":[{"href":"https:\/\/pasaenmendoza.com\/index.php?rest_route=\/wp\/v2\/posts"}],"about":[{"href":"https:\/\/pasaenmendoza.com\/index.php?rest_route=\/wp\/v2\/types\/post"}],"author":[{"embeddable":true,"href":"https:\/\/pasaenmendoza.com\/index.php?rest_route=\/wp\/v2\/users\/2"}],"replies":[{"embeddable":true,"href":"https:\/\/pasaenmendoza.com\/index.php?rest_route=%2Fwp%2Fv2%2Fcomments&post=13206"}],"version-history":[{"count":1,"href":"https:\/\/pasaenmendoza.com\/index.php?rest_route=\/wp\/v2\/posts\/13206\/revisions"}],"predecessor-version":[{"id":13208,"href":"https:\/\/pasaenmendoza.com\/index.php?rest_route=\/wp\/v2\/posts\/13206\/revisions\/13208"}],"wp:featuredmedia":[{"embeddable":true,"href":"https:\/\/pasaenmendoza.com\/index.php?rest_route=\/wp\/v2\/media\/13207"}],"wp:attachment":[{"href":"https:\/\/pasaenmendoza.com\/index.php?rest_route=%2Fwp%2Fv2%2Fmedia&parent=13206"}],"wp:term":[{"taxonomy":"category","embeddable":true,"href":"https:\/\/pasaenmendoza.com\/index.php?rest_route=%2Fwp%2Fv2%2Fcategories&post=13206"},{"taxonomy":"post_tag","embeddable":true,"href":"https:\/\/pasaenmendoza.com\/index.php?rest_route=%2Fwp%2Fv2%2Ftags&post=13206"}],"curies":[{"name":"wp","href":"https:\/\/api.w.org\/{rel}","templated":true}]}}