{"id":13210,"date":"2025-05-29T23:25:27","date_gmt":"2025-05-29T21:25:27","guid":{"rendered":"https:\/\/pasaenmendoza.com\/?p=13210"},"modified":"2025-05-29T23:25:28","modified_gmt":"2025-05-29T21:25:28","slug":"como-usar-las-pistolas-taser-mercedes-rus-instruyo-a-la-policia-preventores-y-personal-de-seguridad","status":"publish","type":"post","link":"https:\/\/pasaenmendoza.com\/?p=13210","title":{"rendered":"C\u00f3mo usar las pistolas Taser: Mercedes Rus instruy\u00f3 a la Polic\u00eda, preventores y personal de seguridad"},"content":{"rendered":"\n<p>La ministra de Seguridad y Justicia,<strong>\u00a0Mercedes Rus<\/strong>, instruy\u00f3 a la Polic\u00eda de Mendoza c\u00f3mo usar las\u00a0<strong>pistolas Taser<\/strong>\u00a0que comenzar\u00e1n a usarse en julio, seg\u00fan estim\u00f3 el gobernador Alfredo Cornejo para casos de violencia de g\u00e9nero y arrebatos en la v\u00eda p\u00fablica. El mi\u00e9rcoles se hizo un simulacro para conocer su funcionamiento.<\/p>\n\n\n\n<p>En una resoluci\u00f3n que se public\u00f3 en el Bolet\u00edn Oficial, se establece c\u00f3mo debe ser el uso de esta arma no letal y cu\u00e1les son los posibles riesgos para la salud de las personas. Por eso, la principal recomendaci\u00f3n es disparar la electricidad hacia las \u00e1reas con mayor masa muscular del cuerpo humano y no en los ojos, entre algunas de las pautas. Adem\u00e1s, el&nbsp;<strong>polic\u00eda&nbsp;<\/strong>que la use debe tener&nbsp;<strong>2 a\u00f1os de antig\u00fcedad&nbsp;<\/strong>en la fuerza y&nbsp;<strong>un civil 3 en la instituci\u00f3n&nbsp;<\/strong>que se desempe\u00f1e como<strong>&nbsp;preventores y seguridad privada.<\/strong><\/p>\n\n\n\n<p>&#8220;Se deben<strong>\u00a0evitar<\/strong>\u00a0zonas de<strong>l rostro, genitales, cuello y parte alta del torso,\u00a0<\/strong>ya que en personas de bajo peso o delgadas, as\u00ed como en ni\u00f1os, el uso inadecuado podr\u00eda causar lesiones&#8221;, advierte el protocolo que lleva la firma de la ministra Rus.<\/p>\n\n\n\n<p>Uno de los aspectos relevantes en el riesgo y la responsabilidad del personal entrenado para emplear las Taser es lo que se denomina&nbsp;<strong>&#8220;captura card\u00edaca&#8221;<\/strong>.<\/p>\n\n\n\n<p>&#8220;Este fen\u00f3meno puede ocurrir si una&nbsp;<strong>descarga el\u00e9ctrica interfiere con el ritmo natural del coraz\u00f3n<\/strong>, provocando arritmias o incluso un parocard\u00edaco. Este riesgo es especialmente relevante en el contexto del uso de DEC, aunque no hay registros documentados al respecto. Sin embargo, es potencialmente posible si no se respetan las zonas de impacto y los procedimientos recomendados&#8221;, subraya la gu\u00eda de procedimiento, donde tambi\u00e9n se desaconseja su uso cuando el objetivo est\u00e1 en movimiento.<\/p>\n\n\n\n<h2 class=\"wp-block-heading\">Qui\u00e9n podr\u00e1 usar las pistolas Taser<\/h2>\n\n\n\n<p>Para acceder a la<strong>&nbsp;capacitaci\u00f3n<\/strong>&nbsp;en el uso de las pistolas<strong>&nbsp;Taser,&nbsp;<\/strong>la norma establece una serie de requisitos, incluso resalta que debe usarse para evitar una escalada en una situaci\u00f3n de conflicto. Por ejemplo, evitar que una persona no se d\u00e9 a la fuga. El personal policial est\u00e1 facultado, pero tambi\u00e9n civiles (como el caso de los preventores de Ulpiano Suarez, intendente de Capital, y los agentes que se desempe\u00f1en en la seguridad privada).<\/p>\n\n\n\n<p>&#8220;Para acceder a dicha capacitaci\u00f3n, los postulantes deber\u00e1n registrar una antig\u00fcedad m\u00ednima de 2 a\u00f1os en las fuerzas policiales y de 3 a\u00f1os para aquellos que integren una entidad civil solicitante que re\u00fana los requisitos establecidos para acceso a los dispositivos (cuerpos de seguridad ciudadana o empresas de vigilancia privada regidas por Ley N\u00b0 9578), siempre que hayan cumplido<strong>&nbsp;tareas operativas de prevenci\u00f3n en seguridad<\/strong>&#8220;, subraya la gu\u00eda.<\/p>\n\n\n\n<h2 class=\"wp-block-heading\">Mendoza compr\u00f3 100 pistolas Taser<\/h2>\n\n\n\n<p>Cornejo confirm\u00f3 este mi\u00e9rcoles la compra de&nbsp;<strong>100 pistolas Taser<\/strong>, las cuales 30 ser\u00e1n destinadas a los preventores de Ciudad de Mendoza.<\/p>\n\n\n\n<p>Ser\u00e1n parte de las herramientas operativas desde julio, cuando se espera que lleguen a Mendoza.<\/p>\n\n\n\n<p>El gobernador de Mendoza aclar\u00f3 que ser\u00e1n empleadas \u00fanicamente en hechos de<strong>\u00a0violencia de g\u00e9nero<\/strong>\u00a0y en\u00a0<strong>arrebatos en la v\u00eda p\u00fablica.<\/strong><\/p>\n\n\n\n<p><strong>Fuente: www.diariouno.com.ar<\/strong><\/p>\n","protected":false},"excerpt":{"rendered":"<p>La ministra de Seguridad y Justicia,\u00a0Mercedes Rus, instruy\u00f3 a la Polic\u00eda de Mendoza c\u00f3mo usar las\u00a0pistolas Taser\u00a0que comenzar\u00e1n a usarse en julio, seg\u00fan estim\u00f3 el gobernador Alfredo Cornejo para casos de violencia de g\u00e9nero y arrebatos en la v\u00eda p\u00fablica. El mi\u00e9rcoles se hizo un simulacro para conocer su funcionamiento. En una resoluci\u00f3n que se [&hellip;]<\/p>\n","protected":false},"author":2,"featured_media":13211,"comment_status":"open","ping_status":"open","sticky":false,"template":"","format":"standard","meta":[],"categories":[96],"tags":[],"_links":{"self":[{"href":"https:\/\/pasaenmendoza.com\/index.php?rest_route=\/wp\/v2\/posts\/13210"}],"collection":[{"href":"https:\/\/pasaenmendoza.com\/index.php?rest_route=\/wp\/v2\/posts"}],"about":[{"href":"https:\/\/pasaenmendoza.com\/index.php?rest_route=\/wp\/v2\/types\/post"}],"author":[{"embeddable":true,"href":"https:\/\/pasaenmendoza.com\/index.php?rest_route=\/wp\/v2\/users\/2"}],"replies":[{"embeddable":true,"href":"https:\/\/pasaenmendoza.com\/index.php?rest_route=%2Fwp%2Fv2%2Fcomments&post=13210"}],"version-history":[{"count":1,"href":"https:\/\/pasaenmendoza.com\/index.php?rest_route=\/wp\/v2\/posts\/13210\/revisions"}],"predecessor-version":[{"id":13212,"href":"https:\/\/pasaenmendoza.com\/index.php?rest_route=\/wp\/v2\/posts\/13210\/revisions\/13212"}],"wp:featuredmedia":[{"embeddable":true,"href":"https:\/\/pasaenmendoza.com\/index.php?rest_route=\/wp\/v2\/media\/13211"}],"wp:attachment":[{"href":"https:\/\/pasaenmendoza.com\/index.php?rest_route=%2Fwp%2Fv2%2Fmedia&parent=13210"}],"wp:term":[{"taxonomy":"category","embeddable":true,"href":"https:\/\/pasaenmendoza.com\/index.php?rest_route=%2Fwp%2Fv2%2Fcategories&post=13210"},{"taxonomy":"post_tag","embeddable":true,"href":"https:\/\/pasaenmendoza.com\/index.php?rest_route=%2Fwp%2Fv2%2Ftags&post=13210"}],"curies":[{"name":"wp","href":"https:\/\/api.w.org\/{rel}","templated":true}]}}