{"id":13216,"date":"2025-05-29T23:43:34","date_gmt":"2025-05-29T21:43:34","guid":{"rendered":"https:\/\/pasaenmendoza.com\/?p=13216"},"modified":"2025-05-29T23:43:35","modified_gmt":"2025-05-29T21:43:35","slug":"eeuu-ya-no-recomienda-la-vacuna-covid-para-ninos-y-embarazadas-la-postura-dividida-en-mendoza","status":"publish","type":"post","link":"https:\/\/pasaenmendoza.com\/?p=13216","title":{"rendered":"EEUU ya no recomienda la vacuna COVID para ni\u00f1os y embarazadas: la postura dividida en Mendoza"},"content":{"rendered":"\n<p>Estados Unidos ya no recomienda la&nbsp;<strong>vacuna contra el COVID-19<\/strong>&nbsp;en ni\u00f1os sanos y embarazadas. Esta decisi\u00f3n gener\u00f3 debate a nivel internacional, pero&nbsp;<strong>en Mendoza, la postura es clara y se mantiene inalterable<\/strong>: el Ministerio de Salud provincial continuar\u00e1 recomendando la vacunaci\u00f3n para ni\u00f1os sanos y mujeres embarazadas, en estricto cumplimiento con los lineamientos de Naci\u00f3n. Sin embargo, entre los infect\u00f3logos, la postura es dividida.<\/p>\n\n\n\n<p><strong>\u201cEn Mendoza, todo sigue bajo las mismas condiciones establecidas por el Ministerio de Salud de la Naci\u00f3n\u201d<\/strong>, afirm\u00f3 categ\u00f3ricamente la jefa de Inmunizaci\u00f3n,<strong>\u00a0Iris Aguilar.<\/strong><\/p>\n\n\n\n<h2 class=\"wp-block-heading\" id=\"h-la-decision-que-genero-polemica\">La decisi\u00f3n que gener\u00f3 pol\u00e9mica<\/h2>\n\n\n\n<p>La medida estadounidense, anunciada por\u00a0<strong>Robert F. Kennedy Jr.<\/strong>, el secretario de Salud y Servicios Humanos de ese pa\u00eds, implica retirar la recomendaci\u00f3n de vacunar rutinariamente contra el COVID-19 a estas poblaciones, espec\u00edficamente con las dosis de la plataforma de ARN mensajero.<\/p>\n\n\n\n<p>El objetivo es \u201creducir el aparato federal y ajustar las pol\u00edticas sanitarias a las prioridades del expresidente Donald Trump\u201d. Esta postura representa una ruptura con las pol\u00edticas establecidas desde el inicio de la emergencia sanitaria por los Centros para el Control y la Prevenci\u00f3n de Enfermedades (CDC), que promov\u00edan la vacunaci\u00f3n universal desde los seis meses de edad.<\/p>\n\n\n\n<h2 class=\"wp-block-heading\" id=\"h-mendoza-alineada-con-la-nacion\">Mendoza, alineada con la Naci\u00f3n<\/h2>\n\n\n\n<p>Ante esta controversial decisi\u00f3n de EEUU, en Mendoza se contin\u00faa con la recomendaci\u00f3n de la vacunaci\u00f3n contra el COVID-19 para todas las poblaciones habilitadas, incluyendo ni\u00f1os y embarazadas, tal como lo indican las pautas nacionales basadas en la evidencia cient\u00edfica y la situaci\u00f3n epidemiol\u00f3gica de nuestro pa\u00eds.<\/p>\n\n\n\n<p>Aguilar destac\u00f3 la importancia de seguir las recomendaciones de los organismos sanitarios nacionales e internacionales de referencia, m\u00e1s all\u00e1 de decisiones unilaterales que pueden generar confusi\u00f3n.<\/p>\n\n\n\n<p>Por otro lado, a la hora de dar cuenta sobre el panorama que se observa en el Vacunatorio, fue clara y advirti\u00f3 que&nbsp;<strong>\u201cen el caso de los ni\u00f1os, son muy pocos los que se inmunizan\u201d,<\/strong>&nbsp;en tanto,&nbsp;<strong>\u201clos mayores y las embarazadas s\u00ed acuden a colocarse las dosis correspondientes\u201d.<\/strong><\/p>\n\n\n\n<h2 class=\"wp-block-heading\" id=\"h-los-infectologos-con-voces-a-favor-y-en-contra\">Los infect\u00f3logos, con voces a favor y en contra<\/h2>\n\n\n\n<p>Pese a la firme postura de Mendoza de adherir a las recomendaciones nacionales sobre la vacunaci\u00f3n COVID-19, las opiniones entre los infect\u00f3logos locales presentan matices. La&nbsp;<strong>infect\u00f3loga y pediatra, Neli Duci<\/strong>&nbsp;(9210) fue contundente: \u201cEn Argentina sigue siendo una recomendaci\u00f3n para el grupo etario mayores de 6 meses y en las embarazadas, sobre todo, porque genera muchas consecuencias en ellas, incluso, en el feto\u201d.<\/p>\n\n\n\n<p>Para la especialista, la decisi\u00f3n de Estados Unidos es irresponsable, especialmente porque en el sistema de salud mendocino \u201cno se puede abordar un brote o endemia de gripe o COVID, que funcionan similares, porque se colapsa r\u00e1pidamente el sistema\u201d. Por ello, su postura es \u201cmantenernos igual, sin modificar nada\u201d.<\/p>\n\n\n\n<p>Por su parte, la infect\u00f3loga&nbsp;<strong>Mar\u00eda Victoria Codina (MP9112)<\/strong>, si bien se mantiene atenta a las recomendaciones, presenta otra perspectiva. \u201cActualmente, no estoy viendo mucha circulaci\u00f3n viral en la poblaci\u00f3n\u201d, asegur\u00f3.<\/p>\n\n\n\n<p>Adem\u00e1s, record\u00f3 que \u201cdesde hace algunos a\u00f1os la Organizaci\u00f3n Mundial de la Salud (OMS) decret\u00f3 que el COVID es un virus respiratorio estacional. Esto significa que es corriente y que genera catarros leves. Ya no es una emergencia de salud p\u00fablica como fue al inicio de la pandemia\u201d.<\/p>\n\n\n\n<p>Sin embargo, la m\u00e9dica advirti\u00f3: \u201cEs muy posible que de vez en cuando surjan cepas m\u00e1s virulentas y se recomiende fortificar los esquemas de inmunizaci\u00f3n en la poblaci\u00f3n general. Pero respecto de eso hay que estar atentos a las recomendaciones de los especialistas en epidemiolog\u00eda\u201d.<\/p>\n\n\n\n<p><strong>Fuente: www.elsol.com.ar<\/strong><\/p>\n","protected":false},"excerpt":{"rendered":"<p>Estados Unidos ya no recomienda la&nbsp;vacuna contra el COVID-19&nbsp;en ni\u00f1os sanos y embarazadas. Esta decisi\u00f3n gener\u00f3 debate a nivel internacional, pero&nbsp;en Mendoza, la postura es clara y se mantiene inalterable: el Ministerio de Salud provincial continuar\u00e1 recomendando la vacunaci\u00f3n para ni\u00f1os sanos y mujeres embarazadas, en estricto cumplimiento con los lineamientos de Naci\u00f3n. Sin embargo, [&hellip;]<\/p>\n","protected":false},"author":2,"featured_media":13217,"comment_status":"open","ping_status":"open","sticky":false,"template":"","format":"standard","meta":[],"categories":[58],"tags":[],"_links":{"self":[{"href":"https:\/\/pasaenmendoza.com\/index.php?rest_route=\/wp\/v2\/posts\/13216"}],"collection":[{"href":"https:\/\/pasaenmendoza.com\/index.php?rest_route=\/wp\/v2\/posts"}],"about":[{"href":"https:\/\/pasaenmendoza.com\/index.php?rest_route=\/wp\/v2\/types\/post"}],"author":[{"embeddable":true,"href":"https:\/\/pasaenmendoza.com\/index.php?rest_route=\/wp\/v2\/users\/2"}],"replies":[{"embeddable":true,"href":"https:\/\/pasaenmendoza.com\/index.php?rest_route=%2Fwp%2Fv2%2Fcomments&post=13216"}],"version-history":[{"count":1,"href":"https:\/\/pasaenmendoza.com\/index.php?rest_route=\/wp\/v2\/posts\/13216\/revisions"}],"predecessor-version":[{"id":13218,"href":"https:\/\/pasaenmendoza.com\/index.php?rest_route=\/wp\/v2\/posts\/13216\/revisions\/13218"}],"wp:featuredmedia":[{"embeddable":true,"href":"https:\/\/pasaenmendoza.com\/index.php?rest_route=\/wp\/v2\/media\/13217"}],"wp:attachment":[{"href":"https:\/\/pasaenmendoza.com\/index.php?rest_route=%2Fwp%2Fv2%2Fmedia&parent=13216"}],"wp:term":[{"taxonomy":"category","embeddable":true,"href":"https:\/\/pasaenmendoza.com\/index.php?rest_route=%2Fwp%2Fv2%2Fcategories&post=13216"},{"taxonomy":"post_tag","embeddable":true,"href":"https:\/\/pasaenmendoza.com\/index.php?rest_route=%2Fwp%2Fv2%2Ftags&post=13216"}],"curies":[{"name":"wp","href":"https:\/\/api.w.org\/{rel}","templated":true}]}}