{"id":1322,"date":"2023-09-08T20:17:14","date_gmt":"2023-09-08T18:17:14","guid":{"rendered":"https:\/\/pasaenmendoza.com\/?p=1322"},"modified":"2023-09-08T20:17:15","modified_gmt":"2023-09-08T18:17:15","slug":"jose-thomas-sobre-el-item-aula-todas-las-politicas-son-mejorables","status":"publish","type":"post","link":"https:\/\/pasaenmendoza.com\/?p=1322","title":{"rendered":"Jos\u00e9 Thomas sobre el \u00edtem aula: \u201cTodas las pol\u00edticas son mejorables\u201d"},"content":{"rendered":"\n<p>El titular de la Direcci\u00f3n General de Escuelas,<strong>&nbsp;Jos\u00e9 Thomas<\/strong>, afirm\u00f3 este viernes que el&nbsp;<strong>\u00edtem aula<\/strong>&nbsp;es \u201c<em>mejorable<\/em>\u201c, al igual que otras pol\u00edticas que lleva adelante el Gobierno de Mendoza en materia educativa.<\/p>\n\n\n\n<p>En el acto en conmemoraci\u00f3n por el D\u00eda del Maestro, que se llev\u00f3 adelante en horas de la ma\u00f1ana en la plaza Sarmiento, el funcionario destac\u00f3,&nbsp;<mark>adem\u00e1s, que el salario docente \u201chay que mejorarlo\u201d,&nbsp;<\/mark>pero que viene perdiendo por un problema macroecon\u00f3mico.<\/p>\n\n\n\n<p>\u201c<em>El \u00edtem aula es una pol\u00edtica m\u00e1s de muchas que se desarrollan hace 8 a\u00f1os. Todas las pol\u00edticas son mejorables. No creo que tengamos que volver al descontrol del 2015<\/em>\u201c, dijo en relaci\u00f3n con el debate que se volvi\u00f3 a encender en la Legislatura en medio de la campa\u00f1a pol\u00edtica.<\/p>\n\n\n\n<p>En este sentido, afirm\u00f3 que \u201c<em>los indicadores dicen que Mendoza tiene buen rumbo<\/em>\u201d y que la \u00fanica propuesta \u201c<em>seria y l\u00f3gica<\/em>\u201d la escuch\u00f3 del candidato a vicepresidente,<strong>\u00a0Luis Petri<\/strong>, quien<mark>\u00a0pidi\u00f3 una revisi\u00f3n integral de la normativa<\/mark>\u00a0que regula el presentismo docente en las escuelas.<\/p>\n\n\n\n<p>A finales de agosto, el candidato a gobernador<strong>&nbsp;Alfredo Cornejo&nbsp;<\/strong>se reuni\u00f3 con Petri y prometi\u00f3 una revisi\u00f3n de la norma si gana las elecciones.<\/p>\n\n\n\n<p>El lunes, el Senado decidi\u00f3 enviar a comisiones el proyecto del peronismo para derogar el\u00a0\u00edtem aula y durante el debate, Cambia Mendoza reconoci\u00f3 que \u201cha perdido peso\u201d dentro del salario producto de la inflaci\u00f3n.<\/p>\n\n\n\n<p><strong>Fuente: www.elsol.com.ar<\/strong><\/p>\n","protected":false},"excerpt":{"rendered":"<p>El titular de la Direcci\u00f3n General de Escuelas,&nbsp;Jos\u00e9 Thomas, afirm\u00f3 este viernes que el&nbsp;\u00edtem aula&nbsp;es \u201cmejorable\u201c, al igual que otras pol\u00edticas que lleva adelante el Gobierno de Mendoza en materia educativa. En el acto en conmemoraci\u00f3n por el D\u00eda del Maestro, que se llev\u00f3 adelante en horas de la ma\u00f1ana en la plaza Sarmiento, el [&hellip;]<\/p>\n","protected":false},"author":2,"featured_media":1323,"comment_status":"open","ping_status":"open","sticky":false,"template":"","format":"standard","meta":[],"categories":[56],"tags":[],"_links":{"self":[{"href":"https:\/\/pasaenmendoza.com\/index.php?rest_route=\/wp\/v2\/posts\/1322"}],"collection":[{"href":"https:\/\/pasaenmendoza.com\/index.php?rest_route=\/wp\/v2\/posts"}],"about":[{"href":"https:\/\/pasaenmendoza.com\/index.php?rest_route=\/wp\/v2\/types\/post"}],"author":[{"embeddable":true,"href":"https:\/\/pasaenmendoza.com\/index.php?rest_route=\/wp\/v2\/users\/2"}],"replies":[{"embeddable":true,"href":"https:\/\/pasaenmendoza.com\/index.php?rest_route=%2Fwp%2Fv2%2Fcomments&post=1322"}],"version-history":[{"count":1,"href":"https:\/\/pasaenmendoza.com\/index.php?rest_route=\/wp\/v2\/posts\/1322\/revisions"}],"predecessor-version":[{"id":1324,"href":"https:\/\/pasaenmendoza.com\/index.php?rest_route=\/wp\/v2\/posts\/1322\/revisions\/1324"}],"wp:featuredmedia":[{"embeddable":true,"href":"https:\/\/pasaenmendoza.com\/index.php?rest_route=\/wp\/v2\/media\/1323"}],"wp:attachment":[{"href":"https:\/\/pasaenmendoza.com\/index.php?rest_route=%2Fwp%2Fv2%2Fmedia&parent=1322"}],"wp:term":[{"taxonomy":"category","embeddable":true,"href":"https:\/\/pasaenmendoza.com\/index.php?rest_route=%2Fwp%2Fv2%2Fcategories&post=1322"},{"taxonomy":"post_tag","embeddable":true,"href":"https:\/\/pasaenmendoza.com\/index.php?rest_route=%2Fwp%2Fv2%2Ftags&post=1322"}],"curies":[{"name":"wp","href":"https:\/\/api.w.org\/{rel}","templated":true}]}}