{"id":13222,"date":"2025-05-30T16:00:02","date_gmt":"2025-05-30T14:00:02","guid":{"rendered":"https:\/\/pasaenmendoza.com\/?p=13222"},"modified":"2025-05-30T16:00:03","modified_gmt":"2025-05-30T14:00:03","slug":"mejora-el-tiempo-en-mendoza-viernes-con-leve-ascenso-de-la-temperatura","status":"publish","type":"post","link":"https:\/\/pasaenmendoza.com\/?p=13222","title":{"rendered":"Mejora el tiempo en Mendoza: viernes con leve ascenso de la temperatura"},"content":{"rendered":"\n<p>El&nbsp;<strong>viernes<\/strong>&nbsp;arranca con poca nubosidad, temperatura en ascenso y vientos moderados del sector sur.<\/p>\n\n\n\n<p><strong>La m\u00ednima ser\u00e1 de 4 grados y la m\u00e1xima 18.<\/strong><\/p>\n\n\n\n<p>Para el\u00a0<strong>s\u00e1bado<\/strong>, la Direcci\u00f3n de Contingencias Clim\u00e1ticas indica: \u201cAlgo nublado con descenso de la temperatura, vientos leves del noreste. Poco nuboso en cordillera\u201d.<\/p>\n\n\n\n<p><strong>La m\u00ednima ser\u00e1 de 6 grados y la m\u00e1xima de 15.<\/strong><\/p>\n\n\n\n<p>En tanto, el\u00a0<strong>domingo<\/strong>\u00a0estar\u00e1 \u201calgo nublado con ascenso de la temperatura, vientos leves del noreste. Poco nuboso en cordillera\u201d.\u00a0<strong>La m\u00ednima ser\u00e1 de 7 grados y la m\u00e1xima de 17.<\/strong><\/p>\n\n\n\n<p><strong>Fuente: www.elsol.com.ar<\/strong><\/p>\n","protected":false},"excerpt":{"rendered":"<p>El&nbsp;viernes&nbsp;arranca con poca nubosidad, temperatura en ascenso y vientos moderados del sector sur. La m\u00ednima ser\u00e1 de 4 grados y la m\u00e1xima 18. Para el\u00a0s\u00e1bado, la Direcci\u00f3n de Contingencias Clim\u00e1ticas indica: \u201cAlgo nublado con descenso de la temperatura, vientos leves del noreste. Poco nuboso en cordillera\u201d. La m\u00ednima ser\u00e1 de 6 grados y la m\u00e1xima [&hellip;]<\/p>\n","protected":false},"author":2,"featured_media":13223,"comment_status":"open","ping_status":"open","sticky":false,"template":"","format":"standard","meta":[],"categories":[52],"tags":[],"_links":{"self":[{"href":"https:\/\/pasaenmendoza.com\/index.php?rest_route=\/wp\/v2\/posts\/13222"}],"collection":[{"href":"https:\/\/pasaenmendoza.com\/index.php?rest_route=\/wp\/v2\/posts"}],"about":[{"href":"https:\/\/pasaenmendoza.com\/index.php?rest_route=\/wp\/v2\/types\/post"}],"author":[{"embeddable":true,"href":"https:\/\/pasaenmendoza.com\/index.php?rest_route=\/wp\/v2\/users\/2"}],"replies":[{"embeddable":true,"href":"https:\/\/pasaenmendoza.com\/index.php?rest_route=%2Fwp%2Fv2%2Fcomments&post=13222"}],"version-history":[{"count":1,"href":"https:\/\/pasaenmendoza.com\/index.php?rest_route=\/wp\/v2\/posts\/13222\/revisions"}],"predecessor-version":[{"id":13224,"href":"https:\/\/pasaenmendoza.com\/index.php?rest_route=\/wp\/v2\/posts\/13222\/revisions\/13224"}],"wp:featuredmedia":[{"embeddable":true,"href":"https:\/\/pasaenmendoza.com\/index.php?rest_route=\/wp\/v2\/media\/13223"}],"wp:attachment":[{"href":"https:\/\/pasaenmendoza.com\/index.php?rest_route=%2Fwp%2Fv2%2Fmedia&parent=13222"}],"wp:term":[{"taxonomy":"category","embeddable":true,"href":"https:\/\/pasaenmendoza.com\/index.php?rest_route=%2Fwp%2Fv2%2Fcategories&post=13222"},{"taxonomy":"post_tag","embeddable":true,"href":"https:\/\/pasaenmendoza.com\/index.php?rest_route=%2Fwp%2Fv2%2Ftags&post=13222"}],"curies":[{"name":"wp","href":"https:\/\/api.w.org\/{rel}","templated":true}]}}