{"id":13225,"date":"2025-05-30T16:06:21","date_gmt":"2025-05-30T14:06:21","guid":{"rendered":"https:\/\/pasaenmendoza.com\/?p=13225"},"modified":"2025-05-30T16:06:22","modified_gmt":"2025-05-30T14:06:22","slug":"donacion-de-organos-mendoza-redujo-un-94-la-lista-de-espera-para-trasplantes","status":"publish","type":"post","link":"https:\/\/pasaenmendoza.com\/?p=13225","title":{"rendered":"Donaci\u00f3n de \u00f3rganos: Mendoza redujo un 94% la lista de espera para trasplantes"},"content":{"rendered":"\n<p>Este viernes 30 de mayo,<strong>&nbsp;D\u00eda Nacional del Donante de \u00d3rganos y Tejidos<\/strong>, Mendoza se posiciona como una de las l\u00edderes en donaci\u00f3n a nivel nacional. De acuerdo con un balance dado a conocer por el gobernador Alfredo Cornejo,&nbsp;<strong>la provincia presenta un avance en la reducci\u00f3n de listas de espera<\/strong>, especialmente en c\u00f3rneas, y un importante n\u00famero de operativos de ablaci\u00f3n realizados en el \u00faltimo mes.<\/p>\n\n\n\n<p>Seg\u00fan detall\u00f3 el mandatario, la provincia lleg\u00f3 a tener m\u00e1s de&nbsp;<strong>200 pacientes en espera<\/strong>&nbsp;de un trasplante de c\u00f3rneas, pero desde el a\u00f1o 2021, ese n\u00famero se redujo dr\u00e1sticamente a&nbsp;<strong>solo 12<\/strong>, lo que representa una disminuci\u00f3n del 94%.<\/p>\n\n\n\n<p>Actualmente, el tiempo promedio de espera para recibir este tipo de intervenci\u00f3n es de apenas\u00a0<strong>tres meses.<\/strong><\/p>\n\n\n\n<p>En 2018 entr\u00f3 en vigencia la \u201cLey Justina\u201d (Ley N\u00ba 27.447) en honor a Justina Lo Cane, una ni\u00f1a que falleci\u00f3 a la espera de un trasplante de coraz\u00f3n.&nbsp;La norma establece que toda persona mayor de 18 a\u00f1os se considera donante de \u00f3rganos, tejidos y c\u00e9lulas, a menos que haya dejado constancia expresa de su oposici\u00f3n.<\/p>\n\n\n\n<h2 class=\"wp-block-heading\" id=\"h-mas-donantes\">M\u00e1s donantes<\/h2>\n\n\n\n<p>En este contexto, Mendoza registra una tasa de\u00a0<strong>10,2 donantes por mill\u00f3n de habitantes<\/strong>, un \u00edndice muy superior al promedio nacional, que se ubica en 7,54. Este indicador la ubica entre las provincias m\u00e1s comprometidas con la donaci\u00f3n a nivel nacional.<\/p>\n\n\n\n<p>En el \u00faltimo mes,\u00a0<strong>se realizaron diez operativos de ablaci\u00f3n de \u00f3rganos<\/strong>\u00a0en distintas instituciones de salud de la provincia, lo que representa un dato alentador y refleja la eficiencia del sistema de coordinaci\u00f3n.<\/p>\n\n\n\n<p>\u201cEn el D\u00eda Nacional del Donante de \u00d3rganos y Tejidos, en Mendoza honramos la generosidad de quienes dan vida. Gracias a cada donante y familia que dijo \u2018s\u00ed\u2019 en el momento m\u00e1s dif\u00edcil, hoy muchas personas pueden seguir viviendo\u201d, expres\u00f3 el mandatario en su cuenta de X (antes Twitter).<\/p>\n\n\n\n<p>Este avance en la donaci\u00f3n y trasplante de \u00f3rganos y tejidos en Mendoza es, seg\u00fan el mandatario, \u201cun logro colectivo\u201d que se sustenta en tres pilares fundamentales: \u201cprofesionales comprometidos, pol\u00edticas p\u00fablicas sostenidas y, sobre todo, donantes y familias que eligieron dar vida en medio del dolor\u201d.<\/p>\n\n\n\n<p><strong>Fuente: www.elsol.com.ar<\/strong><\/p>\n","protected":false},"excerpt":{"rendered":"<p>Este viernes 30 de mayo,&nbsp;D\u00eda Nacional del Donante de \u00d3rganos y Tejidos, Mendoza se posiciona como una de las l\u00edderes en donaci\u00f3n a nivel nacional. De acuerdo con un balance dado a conocer por el gobernador Alfredo Cornejo,&nbsp;la provincia presenta un avance en la reducci\u00f3n de listas de espera, especialmente en c\u00f3rneas, y un importante [&hellip;]<\/p>\n","protected":false},"author":2,"featured_media":13226,"comment_status":"open","ping_status":"open","sticky":false,"template":"","format":"standard","meta":[],"categories":[50],"tags":[],"_links":{"self":[{"href":"https:\/\/pasaenmendoza.com\/index.php?rest_route=\/wp\/v2\/posts\/13225"}],"collection":[{"href":"https:\/\/pasaenmendoza.com\/index.php?rest_route=\/wp\/v2\/posts"}],"about":[{"href":"https:\/\/pasaenmendoza.com\/index.php?rest_route=\/wp\/v2\/types\/post"}],"author":[{"embeddable":true,"href":"https:\/\/pasaenmendoza.com\/index.php?rest_route=\/wp\/v2\/users\/2"}],"replies":[{"embeddable":true,"href":"https:\/\/pasaenmendoza.com\/index.php?rest_route=%2Fwp%2Fv2%2Fcomments&post=13225"}],"version-history":[{"count":1,"href":"https:\/\/pasaenmendoza.com\/index.php?rest_route=\/wp\/v2\/posts\/13225\/revisions"}],"predecessor-version":[{"id":13227,"href":"https:\/\/pasaenmendoza.com\/index.php?rest_route=\/wp\/v2\/posts\/13225\/revisions\/13227"}],"wp:featuredmedia":[{"embeddable":true,"href":"https:\/\/pasaenmendoza.com\/index.php?rest_route=\/wp\/v2\/media\/13226"}],"wp:attachment":[{"href":"https:\/\/pasaenmendoza.com\/index.php?rest_route=%2Fwp%2Fv2%2Fmedia&parent=13225"}],"wp:term":[{"taxonomy":"category","embeddable":true,"href":"https:\/\/pasaenmendoza.com\/index.php?rest_route=%2Fwp%2Fv2%2Fcategories&post=13225"},{"taxonomy":"post_tag","embeddable":true,"href":"https:\/\/pasaenmendoza.com\/index.php?rest_route=%2Fwp%2Fv2%2Ftags&post=13225"}],"curies":[{"name":"wp","href":"https:\/\/api.w.org\/{rel}","templated":true}]}}