{"id":13234,"date":"2025-05-30T23:51:38","date_gmt":"2025-05-30T21:51:38","guid":{"rendered":"https:\/\/pasaenmendoza.com\/?p=13234"},"modified":"2025-05-30T23:51:38","modified_gmt":"2025-05-30T21:51:38","slug":"de-que-se-trata-el-acuerdo-historico-que-firmaron-mendoza-y-san-juan","status":"publish","type":"post","link":"https:\/\/pasaenmendoza.com\/?p=13234","title":{"rendered":"De qu\u00e9 se trata el acuerdo &#8220;hist\u00f3rico&#8221; que firmaron Mendoza y San Juan"},"content":{"rendered":"\n<p>Mendoza\u00a0y\u00a0San Juan\u00a0firmaron un convenio este viernes con el que crearon una &#8220;Zona de Control Unificada de\u00a0Cuyo&#8221;, que tendr\u00e1 como objetivo establecer una estrategia regional contra el delito. Este dispositivo interprovincial combinar\u00e1 presencia policial conjunta, tecnolog\u00eda interoperable y operativos integrados.<\/p>\n\n\n\n<p>El acuerdo fue sellado por los gobernadores\u00a0Alfredo Cornejo\u00a0y Marcelo Orrego, en la Casa de Gobierno de San Juan.<\/p>\n\n\n\n<p>Del acto participaron tambi\u00e9n la ministra de Seguridad, Mercedes Rus; el secretario de Seguridad de San Juan, Enrique Delgado, y la subsecretaria de Infraestructura, Mar\u00eda Teresa Badui. Por el Gobierno de la provincia vecina estuvieron: el ministro de Infraestructura, Fernando Perea; el secretario General de la Gobernaci\u00f3n, Emilio Achem; el jefe de Polic\u00eda, Comisario General N\u00e9stor \u00c1lvarez, y el asesor Letrado del Gobierno, Alejandro Ferrari.<\/p>\n\n\n\n<h2 class=\"wp-block-heading\">Seguridad en los l\u00edmites<\/h2>\n\n\n\n<p>Luego de la firma del acuerdo, el Cornejo se\u00f1al\u00f3 la importancia del paso dado y dijo que \u201ces muy trascendente para la provincia de Mendoza y tambi\u00e9n para la provincia de San Juan, unificar el control lim\u00edtrofe. No tenemos fronteras, pero s\u00ed tenemos l\u00edmites, y all\u00ed queremos tomar todas las medidas de seguridad que ayuden a tener una Mendoza m\u00e1s segura y una San Juan m\u00e1s segura\u201d.<\/p>\n\n\n\n<p>Remarc\u00f3 que el intercambio de informaci\u00f3n, la revisi\u00f3n de veh\u00edculos en un \u00fanico punto y la articulaci\u00f3n entre fuerzas permite optimizar recursos y generar \u201cuna sinergia positiva para ambas provincias\u201d.<\/p>\n\n\n\n<p>Cornejo remarc\u00f3 que este nuevo esquema permitir\u00e1 un &#8220;mejor control&#8221; de las personas y veh\u00edculos que ingresan y egresan del territorio provincial, a trav\u00e9s de un sistema moderno, eficiente y coordinado entre ambas jurisdicciones.<\/p>\n\n\n\n<p>Orrego, por su parte, celebr\u00f3 la implementaci\u00f3n del proyecto al asegurar que &#8220;es un verdadero gusto poder estar haciendo realidad lo que nos comprometimos hace poco tiempo y poder aunar fuerzas. Creo que esto nos va a dar la oportunidad de prestar mejores servicios, no solo en los controles vehiculares, sino tambi\u00e9n en los controles fitosanitarios\u201d.<\/p>\n\n\n\n<p>El mandatario sanjuanino valor\u00f3 especialmente el trabajo conjunto con Mendoza y se mostr\u00f3 optimista respecto de futuras alianzas. Se\u00f1al\u00f3 que \u201cesta es la forma de trabajar en conjunto. La uni\u00f3n hace la fuerza. Seguramente, con la vecina provincia de San Luis tambi\u00e9n vamos a generar oportunidades para mejorar la seguridad y el desarrollo de nuestras provincias\u201d.<\/p>\n\n\n\n<h2 class=\"wp-block-heading\">C\u00f3mo funcionar\u00e1 la zona de control unificada<\/h2>\n\n\n\n<p>La ministra Rus explic\u00f3 que en esa zona unificada operar\u00e1n en conjunto fuerzas policiales de Mendoza y San Juan. Tambi\u00e9n estar\u00e1n integrados los controles fitosanitarios, en un mismo espacio f\u00edsico con infraestructura compartida. \u201cEsto es muy importante porque implica una mejor coordinaci\u00f3n entre las provincias, m\u00e1s eficiencia en los controles y una respuesta concreta a la demanda de seguridad de la ciudadan\u00eda\u201d, afirm\u00f3.<\/p>\n\n\n\n<p>La funcionaria mendocina remarc\u00f3 que el modelo contempla la construcci\u00f3n de casillas para ambas jurisdicciones en un \u00fanico punto, equipado con tecnolog\u00eda de punta que permitir\u00e1 realizar controles simult\u00e1neos y m\u00e1s eficientes.<\/p>\n\n\n\n<p>Al respecto, Rus inform\u00f3 que el modelo arquitect\u00f3nico ya est\u00e1 desarrollado e implica una obra p\u00fablica significativa. \u201cLos gobernadores est\u00e1n comprometidos con una infraestructura que permita mayor eficiencia, mayor rapidez y un control m\u00e1s eficaz. Mientras controlamos aspectos vinculados a la seguridad, tambi\u00e9n realizamos los controles fitosanitarios, todo en un mismo lugar\u201d.<\/p>\n\n\n\n<p>Adem\u00e1s, asegur\u00f3 que se avanz\u00f3 en la integraci\u00f3n tecnol\u00f3gica entre las provincias, una pieza clave del sistema, y que ya se anunci\u00f3 la primera base de datos integrada entre las tres provincias de Cuyo, que incluye pedidos de personas buscadas por la Justicia y veh\u00edculos robados.<\/p>\n\n\n\n<p>\u201cYa est\u00e1 funcionando y es fundamental para integrar los sistemas de videovigilancia en todos los l\u00edmites. No se trata de un solo punto, sino de un sistema regional que mejora todos los controles\u201d, subray\u00f3.<\/p>\n\n\n\n<p>San Juan realizar\u00e1 el tendido necesario para garantizar la operatividad del sistema, mientras que Mendoza ya inici\u00f3 una licitaci\u00f3n para dotar al espacio de software y hardware especializado. \u201cEstamos en proceso de incorporar tecnolog\u00eda de \u00faltima generaci\u00f3n, incluyendo reconocimiento de patentes y facial\u201d, dijo y remarc\u00f3 que \u201cesto nos permite no solo ser m\u00e1s eficientes, sino tambi\u00e9n redistribuir mejor el recurso policial en otros puntos estrat\u00e9gicos\u201d.<\/p>\n\n\n\n<p>A su turno, el secretario de Seguridad sanjuanino asegur\u00f3 que desde su provincia colaborar\u00e1n &#8220;con la conectividad en el punto de control, mientras que Mendoza est\u00e1 haciendo un gran esfuerzo en materia de tecnolog\u00eda\u201d. Destac\u00f3 que ambas jurisdicciones compartir\u00e1n software y sistemas operativos para garantizar la interoperabilidad y se\u00f1al\u00f3 que \u201cvamos a ser pioneros en controles interjurisdiccionales unificados. Esto evita el doble trabajo y hace m\u00e1s eficiente el recurso humano\u201d.<\/p>\n\n\n\n<p>Delgado confirm\u00f3 que ya se han cumplido los pasos formales necesarios para la firma del convenio, incluyendo el aval de los organismos legales de ambas provincias. Explic\u00f3 que el pr\u00f3ximo paso ser\u00e1 la ejecuci\u00f3n del proyecto, que contempla el aporte de conectividad por parte de San Juan y el desarrollo de la infraestructura por parte de Mendoza.<\/p>\n\n\n\n<p>\u201cEl lugar geogr\u00e1fico est\u00e1 pr\u00e1cticamente definido y vamos a requerir una pr\u00f3rroga de jurisdicci\u00f3n, ya que estar\u00e1 ubicado casi llegando a Mendoza, lo cual es totalmente viable\u201d, indic\u00f3 y remarc\u00f3 que el plan contempla cinco etapas, de las cuales ya se han cumplido tres. Ambas provincias destacaron el alto nivel de coordinaci\u00f3n alcanzado y coincidieron en que este tipo de acciones sientan un precedente a nivel nacional en la lucha contra el delito y la mejora de los controles fronterizos regionales.<\/p>\n\n\n\n<h2 class=\"wp-block-heading\"><strong>D\u00f3nde se instalar\u00e1 la zona unificada<\/strong><\/h2>\n\n\n\n<p>El espacio funcionar\u00e1 en un punto clave del l\u00edmite entre ambas provincias, donde se instalar\u00e1 el primer control con presencia permanente de fuerzas policiales de Mendoza y San Juan. Equipado con lectores de patentes, sistemas de reconocimiento facial, videovigilancia integrada, bases de datos integradas y alertas compartidas, el puesto ser\u00e1 una herramienta concreta para la prevenci\u00f3n y detecci\u00f3n del delito en zonas de alto tr\u00e1nsito interjurisdiccional.<\/p>\n\n\n\n<p>Esta infraestructura tecnol\u00f3gica permitir\u00e1 adem\u00e1s eficientizar recursos, al facilitar la cobertura coordinada de otros pasos fronterizos entre ambas provincias, especialmente aquellos ubicados en el Sur, contribuyendo a un esquema de vigilancia m\u00e1s equilibrado y efectivo.<\/p>\n\n\n\n<p>La iniciativa forma parte del Plan Regional de Seguridad firmado por los mandatarios de Mendoza, San Juan y San Luis en mayo de 2024, que busca establecer un sistema de control articulado en los l\u00edmites provinciales. En ese marco, Mendoza ya lider\u00f3 la integraci\u00f3n de una base de datos regional \u2014con pedidos de captura, paraderos, y veh\u00edculos robados\u2014 y ahora avanza con este puesto f\u00edsico como una nueva capa de acci\u00f3n territorial.<\/p>\n\n\n\n<p>La implementaci\u00f3n de protocolos comunes y capacitaciones cruzadas completar\u00e1 el esquema operativo, con el objetivo de unificar criterios de intervenci\u00f3n y mejorar la respuesta ante hechos que cruzan fronteras.<\/p>\n\n\n\n<p>Mientras se ultiman detalles de infraestructura y adecuaci\u00f3n tecnol\u00f3gica, se prev\u00e9 que el puesto entre en funcionamiento en el corto plazo. Adem\u00e1s, ya se analiza replicar esta experiencia en otros puntos de la frontera com\u00fan, en sinton\u00eda con las conversaciones avanzadas con San Luis para cerrar el anillo de control interprovincial.<\/p>\n\n\n\n<p><strong>Fuente: www.mdzol.com<\/strong><\/p>\n","protected":false},"excerpt":{"rendered":"<p>Mendoza\u00a0y\u00a0San Juan\u00a0firmaron un convenio este viernes con el que crearon una &#8220;Zona de Control Unificada de\u00a0Cuyo&#8221;, que tendr\u00e1 como objetivo establecer una estrategia regional contra el delito. Este dispositivo interprovincial combinar\u00e1 presencia policial conjunta, tecnolog\u00eda interoperable y operativos integrados. El acuerdo fue sellado por los gobernadores\u00a0Alfredo Cornejo\u00a0y Marcelo Orrego, en la Casa de Gobierno de [&hellip;]<\/p>\n","protected":false},"author":2,"featured_media":13235,"comment_status":"open","ping_status":"open","sticky":false,"template":"","format":"standard","meta":[],"categories":[47],"tags":[],"_links":{"self":[{"href":"https:\/\/pasaenmendoza.com\/index.php?rest_route=\/wp\/v2\/posts\/13234"}],"collection":[{"href":"https:\/\/pasaenmendoza.com\/index.php?rest_route=\/wp\/v2\/posts"}],"about":[{"href":"https:\/\/pasaenmendoza.com\/index.php?rest_route=\/wp\/v2\/types\/post"}],"author":[{"embeddable":true,"href":"https:\/\/pasaenmendoza.com\/index.php?rest_route=\/wp\/v2\/users\/2"}],"replies":[{"embeddable":true,"href":"https:\/\/pasaenmendoza.com\/index.php?rest_route=%2Fwp%2Fv2%2Fcomments&post=13234"}],"version-history":[{"count":1,"href":"https:\/\/pasaenmendoza.com\/index.php?rest_route=\/wp\/v2\/posts\/13234\/revisions"}],"predecessor-version":[{"id":13236,"href":"https:\/\/pasaenmendoza.com\/index.php?rest_route=\/wp\/v2\/posts\/13234\/revisions\/13236"}],"wp:featuredmedia":[{"embeddable":true,"href":"https:\/\/pasaenmendoza.com\/index.php?rest_route=\/wp\/v2\/media\/13235"}],"wp:attachment":[{"href":"https:\/\/pasaenmendoza.com\/index.php?rest_route=%2Fwp%2Fv2%2Fmedia&parent=13234"}],"wp:term":[{"taxonomy":"category","embeddable":true,"href":"https:\/\/pasaenmendoza.com\/index.php?rest_route=%2Fwp%2Fv2%2Fcategories&post=13234"},{"taxonomy":"post_tag","embeddable":true,"href":"https:\/\/pasaenmendoza.com\/index.php?rest_route=%2Fwp%2Fv2%2Ftags&post=13234"}],"curies":[{"name":"wp","href":"https:\/\/api.w.org\/{rel}","templated":true}]}}