{"id":13243,"date":"2025-05-31T00:51:05","date_gmt":"2025-05-30T22:51:05","guid":{"rendered":"https:\/\/pasaenmendoza.com\/?p=13243"},"modified":"2025-05-31T00:51:05","modified_gmt":"2025-05-30T22:51:05","slug":"anunciaron-que-el-paso-cristo-redentor-cerrara-durante-la-noche-y-definieron-los-nuevos-horarios","status":"publish","type":"post","link":"https:\/\/pasaenmendoza.com\/?p=13243","title":{"rendered":"Anunciaron que el Paso Cristo Redentor cerrar\u00e1 durante la noche y definieron los nuevos horarios"},"content":{"rendered":"\n<p>Las autoridades del\u00a0<strong>Paso Cristo Redentor<\/strong>\u00a0comunicaron los nuevos horarios que tendr\u00e1 el t\u00fanel internacional para quienes vayan o regresen de\u00a0<strong>Chile<\/strong>. El cambio comenzar\u00e1 desde el pr\u00f3ximo domingo y dieron varias recomendaciones para evitar inconvenientes en la\u00a0<strong>alta monta\u00f1a<\/strong>.<\/p>\n\n\n\n<p>A trav\u00e9s de un comunicado informaron que desde el 1 de junio -pr\u00f3ximo domingo- y hasta el 31 de agosto el\u00a0<strong>Paso Cristo Redentor<\/strong>\u00a0comenzar\u00e1 a funcionar con el horario de\u00a0<strong>invierno<\/strong>.<\/p>\n\n\n\n<p>El s\u00e1bado 31 de mayo el cruce a&nbsp;<strong>Chile&nbsp;<\/strong>funcionar\u00e1 hasta las 23.59 y desde las 00 del domingo las&nbsp;<strong>aduanas&nbsp;<\/strong>dejar\u00e1n de funcionar debido a que se cerrar\u00e1 el t\u00fanel para todo tipo de veh\u00edculos.<\/p>\n\n\n\n<p>Volver\u00e1 a habilitar el domingo a las 9 horario de Argentina, a las 8 en horario de&nbsp;<strong>Chile<\/strong>, y permanecer\u00e1 habilitado habilitado hasta las 21 de nuestro pa\u00eds y hasta las 20 del vecino pa\u00eds.<\/p>\n\n\n\n<h2 class=\"wp-block-heading\">C\u00f3mo ser\u00e1n los nuevos horarios en el Paso Cristo Redentor<\/h2>\n\n\n\n<p>El comunicado del coordinador argentino&nbsp;<strong>Justo Jos\u00e9 B\u00e1scolo<\/strong>&nbsp;indic\u00f3 que el horario de cruce ser\u00e1 de 9 a 21 desde Argentina y desde&nbsp;<strong>Chile&nbsp;<\/strong>de 8 a 20, para todo tipo de veh\u00edculos.<\/p>\n\n\n\n<p>Esto implicar\u00e1 que habr\u00e1 un\u00a0<strong>cierre\u00a0<\/strong>de barreras en\u00a0<strong>Uspallata\u00a0<\/strong>desde las 19 y del lado chileno ser\u00e1 desde las 18 en\u00a0<strong>Guardia Vieja<\/strong>.<\/p>\n\n\n\n<p>Adem\u00e1s, B\u00e1scolo sostuvo: &#8220;Tener en cuenta que, debido a las condiciones clim\u00e1ticas adversas t\u00edpicas de la temporada invernal, como nevadas intensas y viento blanco, el&nbsp;<strong>Paso Cristo Redentor<\/strong>&nbsp;puede cerrarse temporalmente por razones de seguridad&#8221;.<\/p>\n\n\n\n<p>Recomend\u00f3 que al planificar el cruce del\u00a0<strong>Paso Cristo Redentor<\/strong>\u00a0durante el invierno, se debe viajar siempre con cadenas para nieve, ropa de abrigo, alimentos, agua y tener el tanque de combustible lleno.<\/p>\n\n\n\n<p><strong>Fuente: www.diariouno.com.ar<\/strong><\/p>\n","protected":false},"excerpt":{"rendered":"<p>Las autoridades del\u00a0Paso Cristo Redentor\u00a0comunicaron los nuevos horarios que tendr\u00e1 el t\u00fanel internacional para quienes vayan o regresen de\u00a0Chile. El cambio comenzar\u00e1 desde el pr\u00f3ximo domingo y dieron varias recomendaciones para evitar inconvenientes en la\u00a0alta monta\u00f1a. A trav\u00e9s de un comunicado informaron que desde el 1 de junio -pr\u00f3ximo domingo- y hasta el 31 de [&hellip;]<\/p>\n","protected":false},"author":2,"featured_media":13244,"comment_status":"open","ping_status":"open","sticky":false,"template":"","format":"standard","meta":[],"categories":[66],"tags":[],"_links":{"self":[{"href":"https:\/\/pasaenmendoza.com\/index.php?rest_route=\/wp\/v2\/posts\/13243"}],"collection":[{"href":"https:\/\/pasaenmendoza.com\/index.php?rest_route=\/wp\/v2\/posts"}],"about":[{"href":"https:\/\/pasaenmendoza.com\/index.php?rest_route=\/wp\/v2\/types\/post"}],"author":[{"embeddable":true,"href":"https:\/\/pasaenmendoza.com\/index.php?rest_route=\/wp\/v2\/users\/2"}],"replies":[{"embeddable":true,"href":"https:\/\/pasaenmendoza.com\/index.php?rest_route=%2Fwp%2Fv2%2Fcomments&post=13243"}],"version-history":[{"count":1,"href":"https:\/\/pasaenmendoza.com\/index.php?rest_route=\/wp\/v2\/posts\/13243\/revisions"}],"predecessor-version":[{"id":13245,"href":"https:\/\/pasaenmendoza.com\/index.php?rest_route=\/wp\/v2\/posts\/13243\/revisions\/13245"}],"wp:featuredmedia":[{"embeddable":true,"href":"https:\/\/pasaenmendoza.com\/index.php?rest_route=\/wp\/v2\/media\/13244"}],"wp:attachment":[{"href":"https:\/\/pasaenmendoza.com\/index.php?rest_route=%2Fwp%2Fv2%2Fmedia&parent=13243"}],"wp:term":[{"taxonomy":"category","embeddable":true,"href":"https:\/\/pasaenmendoza.com\/index.php?rest_route=%2Fwp%2Fv2%2Fcategories&post=13243"},{"taxonomy":"post_tag","embeddable":true,"href":"https:\/\/pasaenmendoza.com\/index.php?rest_route=%2Fwp%2Fv2%2Ftags&post=13243"}],"curies":[{"name":"wp","href":"https:\/\/api.w.org\/{rel}","templated":true}]}}