{"id":13246,"date":"2025-06-02T14:44:16","date_gmt":"2025-06-02T12:44:16","guid":{"rendered":"https:\/\/pasaenmendoza.com\/?p=13246"},"modified":"2025-06-02T14:44:17","modified_gmt":"2025-06-02T12:44:17","slug":"la-semana-arranca-con-buen-tiempo-en-mendoza-y-leve-ascenso-de-la-temperatura","status":"publish","type":"post","link":"https:\/\/pasaenmendoza.com\/?p=13246","title":{"rendered":"La semana arranca con buen tiempo en Mendoza y leve ascenso de la temperatura"},"content":{"rendered":"\n<p>La semana arranc\u00f3 con&nbsp;<strong>buen tiempo y leve ascenso de la temperatura<\/strong>. Para este lunes, la Direcci\u00f3n de Contingencias Clim\u00e1ticas indica: \u201cPoca nubosidad con poco cambio de la temperatura, vientos leves del sector sur. Inestable hacia la noche cordillera\u201d.<\/p>\n\n\n\n<p><strong>La m\u00ednima ser\u00e1 de 6 grados y la m\u00e1xima de 17.<\/strong><\/p>\n\n\n\n<p>Para el\u00a0<strong>martes<\/strong>\u00a0se pronostica: \u201cPoca nubosidad con poco cambio de la temperatura, vientos leves del este. Nevadas en cordillera\u201d.<strong>\u00a0La m\u00ednima ser\u00e1 de 5 grados y la m\u00e1xima de 18.<\/strong><\/p>\n\n\n\n<p>El\u00a0<strong>mi\u00e9rcoles\u00a0<\/strong>estar\u00e1 \u201calgo nublado con poco cambio de la temperatura, vientos leves del noreste. Poco nuboso en cordillera\u201d.\u00a0<strong>La m\u00ednima ser\u00e1 de 6 grados y la m\u00e1xima de 17<\/strong>.<\/p>\n\n\n\n<p><strong>Fuente: www.elsol.com.ar<\/strong><\/p>\n","protected":false},"excerpt":{"rendered":"<p>La semana arranc\u00f3 con&nbsp;buen tiempo y leve ascenso de la temperatura. Para este lunes, la Direcci\u00f3n de Contingencias Clim\u00e1ticas indica: \u201cPoca nubosidad con poco cambio de la temperatura, vientos leves del sector sur. Inestable hacia la noche cordillera\u201d. La m\u00ednima ser\u00e1 de 6 grados y la m\u00e1xima de 17. Para el\u00a0martes\u00a0se pronostica: \u201cPoca nubosidad con [&hellip;]<\/p>\n","protected":false},"author":2,"featured_media":13247,"comment_status":"open","ping_status":"open","sticky":false,"template":"","format":"standard","meta":[],"categories":[52],"tags":[],"_links":{"self":[{"href":"https:\/\/pasaenmendoza.com\/index.php?rest_route=\/wp\/v2\/posts\/13246"}],"collection":[{"href":"https:\/\/pasaenmendoza.com\/index.php?rest_route=\/wp\/v2\/posts"}],"about":[{"href":"https:\/\/pasaenmendoza.com\/index.php?rest_route=\/wp\/v2\/types\/post"}],"author":[{"embeddable":true,"href":"https:\/\/pasaenmendoza.com\/index.php?rest_route=\/wp\/v2\/users\/2"}],"replies":[{"embeddable":true,"href":"https:\/\/pasaenmendoza.com\/index.php?rest_route=%2Fwp%2Fv2%2Fcomments&post=13246"}],"version-history":[{"count":1,"href":"https:\/\/pasaenmendoza.com\/index.php?rest_route=\/wp\/v2\/posts\/13246\/revisions"}],"predecessor-version":[{"id":13248,"href":"https:\/\/pasaenmendoza.com\/index.php?rest_route=\/wp\/v2\/posts\/13246\/revisions\/13248"}],"wp:featuredmedia":[{"embeddable":true,"href":"https:\/\/pasaenmendoza.com\/index.php?rest_route=\/wp\/v2\/media\/13247"}],"wp:attachment":[{"href":"https:\/\/pasaenmendoza.com\/index.php?rest_route=%2Fwp%2Fv2%2Fmedia&parent=13246"}],"wp:term":[{"taxonomy":"category","embeddable":true,"href":"https:\/\/pasaenmendoza.com\/index.php?rest_route=%2Fwp%2Fv2%2Fcategories&post=13246"},{"taxonomy":"post_tag","embeddable":true,"href":"https:\/\/pasaenmendoza.com\/index.php?rest_route=%2Fwp%2Fv2%2Ftags&post=13246"}],"curies":[{"name":"wp","href":"https:\/\/api.w.org\/{rel}","templated":true}]}}